{"id":3906,"date":"2015-09-15T21:32:04","date_gmt":"2015-09-15T18:32:04","guid":{"rendered":"https:\/\/test1.xsights.co.uk\/?p=3906"},"modified":"2023-04-27T14:13:46","modified_gmt":"2023-04-27T11:13:46","slug":"suriyelilerin-yasam-kosullari-arastirmasi","status":"publish","type":"post","link":"https:\/\/www.xsights.co.uk\/tr\/suriyelilerin-yasam-kosullari-arastirmasi\/","title":{"rendered":"Suriyelilerin Ya\u015fam Ko\u015fullar\u0131 Ara\u015ft\u0131rmas\u0131"},"content":{"rendered":"\n<p>Kamplar\u0131n d\u0131\u015f\u0131nda ya\u015fayan Suriyelilerin Perspektifinden\u2026<\/p>\n\n\n\n<p>\u0130kinci D\u00fcnya Sava\u015f\u0131\u2019ndan bu yana kar\u015f\u0131la\u015ft\u0131\u011f\u0131m\u0131z en b\u00fcy\u00fck g\u00f6\u00e7men sorununu, T\u00fcrkiye\u2019 deki iki milyon Suriyeli ve Avrupa Birli\u011fi\u2019nin ald\u0131\u011f\u0131 son karar do\u011frultusunda farkl\u0131 bir \u015fekil almaya ba\u015flad\u0131.<\/p>\n\n\n\n<p>XSIGHTS Sosyal Ara\u015ft\u0131rmalar Enstit\u00fcs\u00fc\u2019n\u00fcn yapt\u0131\u011f\u0131 son ara\u015ft\u0131rmada, T\u00fcrkiye\u2019 de kamplar\u0131n d\u0131\u015f\u0131nda ya\u015fayan Suriyelilerin ya\u015fam ko\u015fullar\u0131, g\u00fcnl\u00fck kar\u015f\u0131la\u015ft\u0131klar\u0131 zorluklar ve geleceklerine dair planlar\u0131 konu edildi. Ara\u015ft\u0131rmadan \u00e7\u0131kan ilgi \u00e7ekici sonu\u00e7lardan baz\u0131lar\u0131:<\/p>\n\n\n\n<ul class=\"wp-block-list\">\n<li>T\u00fcrkiye\u2019 de kamplar\u0131n d\u0131\u015f\u0131nda ya\u015fayan Suriyelilerin % 20 \u2018 sinin \u00fclkesinde aile ferdi kalmam\u0131\u015ft\u0131r; \u00f6te yandan % 32 \u2018 sinin T\u00fcrkiye d\u0131\u015f\u0131nda ki \u00fclkelerde akrabas\u0131 bulunmaktad\u0131r.<\/li>\n\n\n\n<li>Kamplar\u0131n d\u0131\u015f\u0131nda ya\u015fayan Suriyelilerin % 79\u2019 u her g\u00fcn dil ile ilgili sorunlar ya\u015famaktad\u0131r,<\/li>\n\n\n\n<li>% 75\u2019 i bar\u0131nma \/ ev bulma konusunda zorluklar ya\u015fam\u0131\u015ft\u0131r<\/li>\n\n\n\n<li>% 82 \u2018 si i\u015f bulmakta zorlanm\u0131\u015f ya da zorlanmaktad\u0131r,<\/li>\n\n\n\n<li>\u00d6te yandan bu grubun sadece % 14 haklar\u0131ndan haberdar olduklar\u0131n, % 26 \u2018 s\u0131 kendilerini T\u00fcrkiye\u2019 ye entegre hissettiklerini ifade etmi\u015ftir. Kamu hizmetlerinden yararlananalar kendilerini daha b\u00fct\u00fcnle\u015fmi\u015f hissetmektedirler.<\/li>\n\n\n\n<li>Kamplar d\u0131\u015f\u0131nda ya\u015fayan Suriyelilerin % 73\u2019 \u00fc kendilerini g\u00fcvende hissederken, her d\u00f6rt kat\u0131l\u0131mc\u0131dan sadece bir tanesi ( % 38) T\u00fcrkiye\u2019 de ya\u015famaktan memnun oldu\u011funu s\u00f6ylemi\u015ftir.<\/li>\n\n\n\n<li>Ara\u015ft\u0131rman\u0131n yap\u0131ld\u0131\u011f\u0131 tarihte, kamplar d\u0131\u015f\u0131nda ya\u015fayan Suriyelilerin % 56\u2019s\u0131 \u00fclkelerine geri d\u00f6nmeyi, % 21 \u2018 I T\u00fcrkiye\u2019 de yerle\u015fmeyi % 16\u2019s\u0131 ise ba\u015fka bir \u00fclkeye g\u00f6\u00e7meyi planlamakta olduklar\u0131n\u0131 belirtmi\u015flerdir G\u00f6\u00e7mek istediklerin \u00fclkelerin ba\u015f\u0131nda Sudi Arabistan, Almanya ve Hollanda gelmektedir.<\/li>\n\n\n\n<li>Kamplar\u0131n d\u0131\u015f\u0131nda ya\u015fayan Suriyelilerin sadece % 35\u2019 i \u00fclkesinin gelece\u011fini pozitif de\u011ferlendirmektedir; olumlu de\u011ferlendirenlerin \u00fclkelerine d\u00f6nme ihtimali \u00e7ok daha y\u00fcksektir.<\/li>\n<\/ul>\n\n\n\n<p><strong>Rapora a\u015fa\u011f\u0131daki linkten ula\u015fabilirsiniz<\/strong>.<\/p>\n\n\n\n<div data-wp-interactive=\"core\/file\" class=\"wp-block-file\"><object data-wp-bind--hidden=\"!state.hasPdfPreview\" hidden class=\"wp-block-file__embed\" data=\"https:\/\/www.xsights.co.uk\/wp-content\/uploads\/2023\/02\/understandingsyriansinturkeyreport_press.pdf\" type=\"application\/pdf\" style=\"width:100%;height:600px\" aria-label=\"understandingsyriansinturkeyreport_press g\u00f6m\u00fcs\u00fc.\"><\/object><a id=\"wp-block-file--media-e5f210e3-9f08-48bd-8bf1-cd87a164aa5a\" href=\"https:\/\/www.xsights.co.uk\/wp-content\/uploads\/2023\/02\/understandingsyriansinturkeyreport_press.pdf\">understandingsyriansinturkeyreport_press<\/a><a href=\"https:\/\/www.xsights.co.uk\/wp-content\/uploads\/2023\/02\/understandingsyriansinturkeyreport_press.pdf\" class=\"wp-block-file__button wp-element-button\" download aria-describedby=\"wp-block-file--media-e5f210e3-9f08-48bd-8bf1-cd87a164aa5a\">\u0130ndir<\/a><\/div>\n","protected":false},"excerpt":{"rendered":"<p>Kamplar\u0131n d\u0131\u015f\u0131nda ya\u015fayan Suriyelilerin Perspektifinden\u2026 \u0130kinci D\u00fcnya Sava\u015f\u0131\u2019ndan bu yana kar\u015f\u0131la\u015ft\u0131\u011f\u0131m\u0131z en b\u00fcy\u00fck g\u00f6\u00e7men sorununu, T\u00fcrkiye\u2019 deki iki milyon Suriyeli ve Avrupa Birli\u011fi\u2019nin ald\u0131\u011f\u0131 son karar do\u011frultusunda farkl\u0131 bir \u015fekil almaya ba\u015flad\u0131. XSIGHTS Sosyal Ara\u015ft\u0131rmalar Enstit\u00fcs\u00fc\u2019n\u00fcn yapt\u0131\u011f\u0131 son ara\u015ft\u0131rmada, T\u00fcrkiye\u2019 de kamplar\u0131n d\u0131\u015f\u0131nda ya\u015fayan Suriyelilerin ya\u015fam ko\u015fullar\u0131, g\u00fcnl\u00fck kar\u015f\u0131la\u015ft\u0131klar\u0131 zorluklar ve geleceklerine dair planlar\u0131 konu [&hellip;]<\/p>\n","protected":false},"author":5,"featured_media":2699,"comment_status":"open","ping_status":"open","sticky":false,"template":"","format":"standard","meta":{"_acf_changed":false,"footnotes":""},"categories":[1],"tags":[],"class_list":["post-3906","post","type-post","status-publish","format-standard","has-post-thumbnail","hentry","category-bizden-haberler"],"acf":[],"_links":{"self":[{"href":"https:\/\/www.xsights.co.uk\/tr\/wp-json\/wp\/v2\/posts\/3906","targetHints":{"allow":["GET"]}}],"collection":[{"href":"https:\/\/www.xsights.co.uk\/tr\/wp-json\/wp\/v2\/posts"}],"about":[{"href":"https:\/\/www.xsights.co.uk\/tr\/wp-json\/wp\/v2\/types\/post"}],"author":[{"embeddable":true,"href":"https:\/\/www.xsights.co.uk\/tr\/wp-json\/wp\/v2\/users\/5"}],"replies":[{"embeddable":true,"href":"https:\/\/www.xsights.co.uk\/tr\/wp-json\/wp\/v2\/comments?post=3906"}],"version-history":[{"count":0,"href":"https:\/\/www.xsights.co.uk\/tr\/wp-json\/wp\/v2\/posts\/3906\/revisions"}],"wp:featuredmedia":[{"embeddable":true,"href":"https:\/\/www.xsights.co.uk\/tr\/wp-json\/wp\/v2\/media\/2699"}],"wp:attachment":[{"href":"https:\/\/www.xsights.co.uk\/tr\/wp-json\/wp\/v2\/media?parent=3906"}],"wp:term":[{"taxonomy":"category","embeddable":true,"href":"https:\/\/www.xsights.co.uk\/tr\/wp-json\/wp\/v2\/categories?post=3906"},{"taxonomy":"post_tag","embeddable":true,"href":"https:\/\/www.xsights.co.uk\/tr\/wp-json\/wp\/v2\/tags?post=3906"}],"curies":[{"name":"wp","href":"https:\/\/api.w.org\/{rel}","templated":true}]}}