{"id":4144,"date":"2017-08-04T21:23:37","date_gmt":"2017-08-04T18:23:37","guid":{"rendered":"https:\/\/test1.xsights.co.uk\/?p=4144"},"modified":"2023-04-27T14:01:28","modified_gmt":"2023-04-27T11:01:28","slug":"yaz-dedigin","status":"publish","type":"post","link":"https:\/\/www.xsights.co.uk\/tr\/yaz-dedigin\/","title":{"rendered":"Yaz dedi\u011fin&#8230;"},"content":{"rendered":"\n<p>D\u00fcnya Gazetesi i\u00e7in haz\u0131rlad\u0131\u011f\u0131m\u0131z Toplumsal Check-up dosyas\u0131n\u0131n bu haftaki konusu &#8216;yaz&#8217;.<\/p>\n\n\n\n<p>Bu y\u0131l \u00e7ok tad\u0131n\u0131 \u00e7\u0131karamasak da g\u00fcne\u015fli g\u00fcnler arada yo\u011fun ya\u011fmurlarla b\u00f6l\u00fcnse de yaz mevsimi dendi\u011finde T\u00fcrk insan\u0131n\u0131n belli bir alg\u0131s\u0131 ve duygu yo\u011funlu\u011fu olu\u015fuyor.<\/p>\n\n\n\n<p>Bu alg\u0131 ve duygular\u0131 ortaya koymak amac\u0131yla, Xsights Ara\u015ft\u0131rma ve Dan\u0131\u015fmanl\u0131k taraf\u0131ndan, 11-17 Temmuz 2017 tarihleri aras\u0131nda, \u0130stanbul, Ankara ve \u0130zmir ba\u015fta olmak \u00fczere 20 ilde bir ara\u015ft\u0131rma ger\u00e7ekle\u015ftirildi.<\/p>\n\n\n\n<p>Bu ara\u015ft\u0131rmadan elde edilen sonu\u00e7lara g\u00f6re kat\u0131l\u0131mc\u0131lardan \u201cYaz hi\u00e7 bitmese \u2026\u201d c\u00fcmlesini tamamlamalar\u0131 istendi\u011finde, g\u00f6r\u00fc\u015f\u00fclen ki\u015filerin b\u00fcy\u00fck bir k\u0131sm\u0131 c\u00fcmleyi \u201chep tatil olsa\u201d diyerek sonland\u0131rd\u0131. G\u00fcnl\u00fck hayatta pek \u00e7ok duyguyu bir arada ya\u015f\u0131yor olsak da, yaz mevsimi dendi\u011finde kat\u0131l\u0131mc\u0131lar aras\u0131nda y\u00fckselen duygular ise mutluluk (%66), sevin\u00e7 (%29) ve yaz mevsiminin olmazsa olmaz\u0131 a\u015fk (%21) oldu.<\/p>\n\n\n\n<p><strong>Tatil planlar\u0131na ili\u015fkin baz\u0131 veriler;<\/strong><\/p>\n\n\n\n<p>Vakit ve nakit s\u0131k\u0131nt\u0131s\u0131 olmad\u0131\u011f\u0131 takdirde kat\u0131l\u0131mc\u0131lar\u0131n y\u00fczde 58\u2019si yaz\u0131 yurt d\u0131\u015f\u0131nda ge\u00e7irmek istiyor,<br>yurt i\u00e7inde en \u00e7ok tercih edilen yer ise Bodrum.<\/p>\n\n\n\n<ul class=\"wp-block-list\">\n<li>Vatanda\u015flar\u0131n y\u00fczde 69\u2019u tatil plan\u0131 yap\u0131yor<\/li>\n\n\n\n<li>Tatil plan\u0131 yapmayanlar\u0131n y\u00fczde 69\u2019unun nedeni: maddi yetersizlik<\/li>\n\n\n\n<li>Tatil planlayanlar\u0131n y\u00fczde 88\u2019i yurt i\u00e7i tatil d\u00fc\u015f\u00fcn\u00fcyor<\/li>\n\n\n\n<li>Yurt d\u0131\u015f\u0131nda \u00f6n plana \u00e7\u0131kan \u00fclke ise y\u00fczde 28 ile Yunanistan<\/li>\n\n\n\n<li>Yurt i\u00e7inde tatil planyanlar aras\u0131nda en \u00e7ok tercih edilen y\u00fczde 37 ile, Antalya ve b\u00f6lgesi<\/li>\n\n\n\n<li>Yurt i\u00e7i tatil planlayanlar\u0131n y\u00fczde 63\u2019\u00fc t\u00fcm rezervasyonlar\u0131n\u0131 online yap\u0131yor.<\/li>\n<\/ul>\n\n\n\n<p>Ara\u015ft\u0131rma, Xsights\u2019\u0131n online ara\u015ft\u0131rma platformu olan T\u00fcrkiye\u2019nin Sesi Paneli (www.turkiyeninsesipaneli.com) \u00fczerinden ger\u00e7ekle\u015ftirildi.<\/p>\n\n\n\n<p>D\u00fcnya Gazetesi \/ 04.08.2017<\/p>\n","protected":false},"excerpt":{"rendered":"<p>D\u00fcnya Gazetesi i\u00e7in haz\u0131rlad\u0131\u011f\u0131m\u0131z Toplumsal Check-up dosyas\u0131n\u0131n bu haftaki konusu &#8216;yaz&#8217;. Bu y\u0131l \u00e7ok tad\u0131n\u0131 \u00e7\u0131karamasak da g\u00fcne\u015fli g\u00fcnler arada yo\u011fun ya\u011fmurlarla b\u00f6l\u00fcnse de yaz mevsimi dendi\u011finde T\u00fcrk insan\u0131n\u0131n belli bir alg\u0131s\u0131 ve duygu yo\u011funlu\u011fu olu\u015fuyor. Bu alg\u0131 ve duygular\u0131 ortaya koymak amac\u0131yla, Xsights Ara\u015ft\u0131rma ve Dan\u0131\u015fmanl\u0131k taraf\u0131ndan, 11-17 Temmuz 2017 tarihleri aras\u0131nda, \u0130stanbul, Ankara [&hellip;]<\/p>\n","protected":false},"author":3,"featured_media":2696,"comment_status":"open","ping_status":"open","sticky":false,"template":"","format":"standard","meta":{"_acf_changed":false,"footnotes":""},"categories":[133],"tags":[],"class_list":["post-4144","post","type-post","status-publish","format-standard","has-post-thumbnail","hentry","category-one-cikanlar"],"acf":[],"_links":{"self":[{"href":"https:\/\/www.xsights.co.uk\/tr\/wp-json\/wp\/v2\/posts\/4144","targetHints":{"allow":["GET"]}}],"collection":[{"href":"https:\/\/www.xsights.co.uk\/tr\/wp-json\/wp\/v2\/posts"}],"about":[{"href":"https:\/\/www.xsights.co.uk\/tr\/wp-json\/wp\/v2\/types\/post"}],"author":[{"embeddable":true,"href":"https:\/\/www.xsights.co.uk\/tr\/wp-json\/wp\/v2\/users\/3"}],"replies":[{"embeddable":true,"href":"https:\/\/www.xsights.co.uk\/tr\/wp-json\/wp\/v2\/comments?post=4144"}],"version-history":[{"count":0,"href":"https:\/\/www.xsights.co.uk\/tr\/wp-json\/wp\/v2\/posts\/4144\/revisions"}],"wp:featuredmedia":[{"embeddable":true,"href":"https:\/\/www.xsights.co.uk\/tr\/wp-json\/wp\/v2\/media\/2696"}],"wp:attachment":[{"href":"https:\/\/www.xsights.co.uk\/tr\/wp-json\/wp\/v2\/media?parent=4144"}],"wp:term":[{"taxonomy":"category","embeddable":true,"href":"https:\/\/www.xsights.co.uk\/tr\/wp-json\/wp\/v2\/categories?post=4144"},{"taxonomy":"post_tag","embeddable":true,"href":"https:\/\/www.xsights.co.uk\/tr\/wp-json\/wp\/v2\/tags?post=4144"}],"curies":[{"name":"wp","href":"https:\/\/api.w.org\/{rel}","templated":true}]}}