{"id":4162,"date":"2017-08-11T21:38:28","date_gmt":"2017-08-11T18:38:28","guid":{"rendered":"https:\/\/test1.xsights.co.uk\/?p=4162"},"modified":"2023-04-27T14:00:50","modified_gmt":"2023-04-27T11:00:50","slug":"tarim-endustrisine-bakis-ve-kurumsallasma","status":"publish","type":"post","link":"https:\/\/www.xsights.co.uk\/tr\/tarim-endustrisine-bakis-ve-kurumsallasma\/","title":{"rendered":"Tar\u0131m End\u00fcstrisine Bak\u0131\u015f ve Kurumsalla\u015fma"},"content":{"rendered":"\n<p>D\u00fcnya Gazetesi i\u00e7in haz\u0131rlad\u0131\u011f\u0131m\u0131z Toplumsal Check-up dosyas\u0131n\u0131n bu haftaki konusu &#8216;Tar\u0131m End\u00fcstrisine Bak\u0131\u015f ve Kurumsalla\u015fma&#8217;.<\/p>\n\n\n\n<p>D\u00fcnya Gazetesi i\u00e7in haz\u0131rlad\u0131\u011f\u0131m\u0131z Toplumsal Check-up dosyas\u0131n\u0131n bu haftaki konusu &#8216;Tar\u0131m End\u00fcstrisine Bak\u0131\u015f ve Kurumsalla\u015fma&#8217;.<\/p>\n\n\n\n<p>Havalar\u0131n durumu herkesin g\u00fcndeminde olsa da bu durumun do\u011frudan etkilenen sekt\u00f6rlerin ba\u015f\u0131nda Tar\u0131m End\u00fcstrisi geliyor. Xsights Ara\u015ft\u0131rma ve Dan\u0131\u015fmanl\u0131k\u2019\u0131n Nisan 2017 tarihli ara\u015ft\u0131rma kaynaklar\u0131na g\u00f6re; 2015\/16\u2019daki tutarl\u0131 iklim \u015fartlar\u0131na ba\u011fl\u0131 olarak bu\u011fday hasad\u0131; 2013\/14 ve 2014\/15 y\u0131llar\u0131ndaki kurakl\u0131kta ya\u015fanan ortalaman\u0131n alt\u0131na do\u011fru bir d\u00fc\u015f\u00fc\u015f\u00fcn aksine; ortalaman\u0131n \u00fczerine \u00e7\u0131km\u0131\u015f.&nbsp;<\/p>\n\n\n\n<p>Bu \u00e7er\u00e7evede sekt\u00f6r\u00fcn temel bile\u015fenlerine bakt\u0131\u011f\u0131m\u0131zda;<\/p>\n\n\n\n<ul class=\"wp-block-list\">\n<li>\u015eekerde \u00fcretimin ge\u00e7mi\u015f y\u0131llardaki kurakl\u0131\u011f\u0131n etkilerinden kurtuldu\u011funu g\u00f6r\u00fcyoruz. G\u00fc\u00e7l\u00fc b\u00fcy\u00fcme beklentisi mevcut.<\/li>\n\n\n\n<li>Pirin\u00e7 \u00fcretiminde ekim alanlar\u0131n\u0131n ve ya\u011f\u0131\u015flar\u0131n artmas\u0131n\u0131n olumlu etkileri bekleniyor. N\u00fcfusa paralel olarak t\u00fcketimin de artmas\u0131, dolay\u0131s\u0131yla pirin\u00e7 ithalat\u0131 konusunda Rusya ve ABD\u2019ye olan ba\u011f\u0131ml\u0131l\u0131\u011f\u0131n devam edece\u011fi \u00f6ng\u00f6r\u00fcl\u00fcyor.<\/li>\n\n\n\n<li>Hububat \u00fcretiminde ge\u00e7en y\u0131la oranla toparlanma olsa da hasat \u00f6ncesi ve sonras\u0131 d\u00f6nemde g\u00f6r\u00fclen y\u00fcksek ya\u011f\u0131\u015flar \u00fcretim kalitesini azalt\u0131yor. \u00d6te yandan 2021 y\u0131l\u0131na kadar hububat \u00fcretiminde s\u00fcrd\u00fcr\u00fclebilir b\u00fcy\u00fcme m\u00fcmk\u00fcn.<\/li>\n\n\n\n<li>K\u00fcmes hayvanlar\u0131 \u00fcretiminin; sa\u011flanan s\u00fcrd\u00fcr\u00fclebilir destek ve ihracat f\u0131rsatlar\u0131n\u0131n artmas\u0131na ba\u011fl\u0131 olarak, k\u0131rm\u0131z\u0131 et \u00fcretimini ge\u00e7mesi bekleniyor. Ancak b\u00fcy\u00fckba\u015f hayvan ithalat\u0131n\u0131n artmas\u0131 ve b\u00fcy\u00fcmenin desteklenmesi ile k\u0131rm\u0131z\u0131 et t\u00fcketiminde daha g\u00fc\u00e7l\u00fc bir art\u0131\u015f\u0131n g\u00f6r\u00fclece\u011fi tahmin ediliyor.&nbsp; &nbsp;&nbsp;<\/li>\n<\/ul>\n\n\n\n<p>G\u0131da \u00fcretimimimizin kom\u015fular\u0131m\u0131z\u0131n \u00e7o\u011fundan daha geli\u015fmi\u015f olmas\u0131na ra\u011fmen, en zay\u0131f noktalar\u0131m\u0131z\u0131n ba\u015f\u0131nda kurumsalla\u015fma geliyor. \u00dcretimin geneli 25.000\u2019e yak\u0131n k\u00fc\u00e7\u00fck aile i\u015fletme veya giri\u015fimleri \u00fczerinden sa\u011flan\u0131yor. Bu \u00fcreticiler boyutlar\u0131 nedeniyle \u00fcretim s\u00fcrecinde ya\u015fanan do\u011fal olumsuzluklara veya \u00fcretim maliyetleri gibi ekonomik etkenlere kar\u015f\u0131 diren\u00e7siz. Bu da sekt\u00f6r\u00fcn de\u011fi\u015fim ve geli\u015fim konular\u0131ndaki uygulamalar\u0131 hayata ge\u00e7irmede zorlanmas\u0131na yol a\u00e7\u0131yor.<\/p>\n","protected":false},"excerpt":{"rendered":"<p>D\u00fcnya Gazetesi i\u00e7in haz\u0131rlad\u0131\u011f\u0131m\u0131z Toplumsal Check-up dosyas\u0131n\u0131n bu haftaki konusu &#8216;Tar\u0131m End\u00fcstrisine Bak\u0131\u015f ve Kurumsalla\u015fma&#8217;. D\u00fcnya Gazetesi i\u00e7in haz\u0131rlad\u0131\u011f\u0131m\u0131z Toplumsal Check-up dosyas\u0131n\u0131n bu haftaki konusu &#8216;Tar\u0131m End\u00fcstrisine Bak\u0131\u015f ve Kurumsalla\u015fma&#8217;. Havalar\u0131n durumu herkesin g\u00fcndeminde olsa da bu durumun do\u011frudan etkilenen sekt\u00f6rlerin ba\u015f\u0131nda Tar\u0131m End\u00fcstrisi geliyor. Xsights Ara\u015ft\u0131rma ve Dan\u0131\u015fmanl\u0131k\u2019\u0131n Nisan 2017 tarihli ara\u015ft\u0131rma kaynaklar\u0131na g\u00f6re; [&hellip;]<\/p>\n","protected":false},"author":5,"featured_media":2696,"comment_status":"open","ping_status":"open","sticky":false,"template":"","format":"standard","meta":{"_acf_changed":false,"footnotes":""},"categories":[133],"tags":[],"class_list":["post-4162","post","type-post","status-publish","format-standard","has-post-thumbnail","hentry","category-one-cikanlar"],"acf":[],"_links":{"self":[{"href":"https:\/\/www.xsights.co.uk\/tr\/wp-json\/wp\/v2\/posts\/4162","targetHints":{"allow":["GET"]}}],"collection":[{"href":"https:\/\/www.xsights.co.uk\/tr\/wp-json\/wp\/v2\/posts"}],"about":[{"href":"https:\/\/www.xsights.co.uk\/tr\/wp-json\/wp\/v2\/types\/post"}],"author":[{"embeddable":true,"href":"https:\/\/www.xsights.co.uk\/tr\/wp-json\/wp\/v2\/users\/5"}],"replies":[{"embeddable":true,"href":"https:\/\/www.xsights.co.uk\/tr\/wp-json\/wp\/v2\/comments?post=4162"}],"version-history":[{"count":0,"href":"https:\/\/www.xsights.co.uk\/tr\/wp-json\/wp\/v2\/posts\/4162\/revisions"}],"wp:featuredmedia":[{"embeddable":true,"href":"https:\/\/www.xsights.co.uk\/tr\/wp-json\/wp\/v2\/media\/2696"}],"wp:attachment":[{"href":"https:\/\/www.xsights.co.uk\/tr\/wp-json\/wp\/v2\/media?parent=4162"}],"wp:term":[{"taxonomy":"category","embeddable":true,"href":"https:\/\/www.xsights.co.uk\/tr\/wp-json\/wp\/v2\/categories?post=4162"},{"taxonomy":"post_tag","embeddable":true,"href":"https:\/\/www.xsights.co.uk\/tr\/wp-json\/wp\/v2\/tags?post=4162"}],"curies":[{"name":"wp","href":"https:\/\/api.w.org\/{rel}","templated":true}]}}