{"id":4224,"date":"2017-09-07T22:00:18","date_gmt":"2017-09-07T19:00:18","guid":{"rendered":"https:\/\/test1.xsights.co.uk\/?p=4224"},"modified":"2023-04-27T13:56:59","modified_gmt":"2023-04-27T10:56:59","slug":"her-5-kisiden-sadece-biri-suriyelilerin-ekonomik-katki-sagladigini-dusunuyor","status":"publish","type":"post","link":"https:\/\/www.xsights.co.uk\/tr\/her-5-kisiden-sadece-biri-suriyelilerin-ekonomik-katki-sagladigini-dusunuyor\/","title":{"rendered":"Her 5 ki\u015fiden sadece biri Suriyelilerin ekonomik katk\u0131 sa\u011flad\u0131\u011f\u0131n\u0131 d\u00fc\u015f\u00fcn\u00fcyor"},"content":{"rendered":"\n<p>Xsights&#8217;\u0131n, D\u00fcnya Gazetesi i\u00e7in ger\u00e7ekle\u015ftirdi\u011fi &#8220;Toplumsal Nab\u0131z Anketi&#8221; ile T\u00fcrkiye&#8217;nin s\u0131cak g\u00fcndemini analiz etmeye devam ediyor. Xsights Ara\u015ft\u0131rma&#8217;n\u0131n ger\u00e7ekle\u015ftirdi\u011fi anketi, 26 kentten 1500 ki\u015fi yan\u0131tlad\u0131. D\u00fcn yay\u0131nlanan ilk b\u00f6l\u00fcm\u00fcn\u00fcn ard\u0131ndan bu defa g\u00fcndem; Suriyeliler&#8230;<\/p>\n\n\n\n<p>T\u00fcrkiye&#8217;de her be\u015f ki\u015fiden sadece biri Suriyelilerin ekonomiye katk\u0131 sa\u011flad\u0131\u011f\u0131n\u0131 d\u00fc\u015f\u00fcn\u00fcyor. D\u00dcNYA&#8217;n\u0131n, Xsight Ara\u015ft\u0131rma ile ger\u00e7ekle\u015ftirdi\u011fi &#8220;Toplumsal Nab\u0131z Anketi&#8221;nin ikinci \u00e7eyrek sonu\u00e7lar\u0131n\u0131 a\u00e7\u0131klamaya devam ediyoruz <a href=\"https:\/\/www.xsights.co.uk\/tr\/iste-turkiyenin-memnuniyet-haritasi-5626\/\">(ilk \u00e7eyrek sonu\u00e7lar\u0131)<\/a>. D\u00fcn okurlar\u0131m\u0131zla T\u00fcrkiye&#8217;nin en \u00f6nemli meseleleri, devletin hizmetleri, Adalet Y\u00fcr\u00fcy\u00fc\u015f\u00fc ile ilgili vatanda\u015flar\u0131n\u0131 g\u00f6r\u00fc\u015flerini ve gelece\u011fe dair \u00f6ng\u00f6r\u00fclerimizi payla\u015fm\u0131\u015ft\u0131k. Bug\u00fcn ankette, T\u00fcrkiye&#8217;nin en \u00f6nemli meseleleri aras\u0131nda &#8216;ekonomik sorunlar&#8217; ve &#8216;PKK&#8217;n\u0131n ard\u0131ndan \u00fc\u00e7\u00fcnc\u00fc s\u0131rada gelen Suriyelileri masaya yat\u0131r\u0131yoruz. T\u00fcrkiye&#8217;de resmi makamlara g\u00f6re 3.1 milyon Suriyeli ya\u015f\u0131yor. \u0130\u00e7i\u015fleri Bakanl\u0131\u011f\u0131 G\u00f6\u00e7 \u0130daresi M\u00fcd\u00fcrl\u00fc\u011f\u00fc&#8217;nden al\u0131nan 17 A\u011fustos 2017 tarihli bu rakama g\u00f6re, Suriyelilerin yakla\u015f\u0131k 1.5 milyonu 18 ya\u015f\u0131n\u0131n alt\u0131nda. Bir taraftan uyum politikalar\u0131 ve vatanda\u015fl\u0131k ile ilgili tart\u0131\u015fmalar devam ederken, 26 \u015fehirden 1500 ki\u015fiye Suriyeliler hakk\u0131nda d\u00fc\u015f\u00fcncelerini sorduk. Toplumsal Nab\u0131z Anketi&#8217;ne &#8220;Suriyeliler ekonomimize katk\u0131 sa\u011fl\u0131yor&#8221; g\u00f6r\u00fc\u015f\u00fcne &#8220;kat\u0131l\u0131yorum&#8221; diyenlerin oran\u0131 sadece y\u00fczde 20&#8217;de kald\u0131. Yani T\u00fcrkiye&#8217;de her 5 ki\u015fiden sadece biri Suriyelilerin ekonomiye katk\u0131 sa\u011flad\u0131\u011f\u0131na inan\u0131yor. Ayn\u0131 g\u00f6r\u00fc\u015fe &#8220;kat\u0131lm\u0131yorum&#8221; cevab\u0131 verenlerin oran\u0131 ise y\u00fczde 52. &#8220;Suriyelilere yard\u0131m etmek insani bir g\u00f6revdir&#8221; g\u00f6r\u00fc\u015f\u00fcne y\u00fczde 68&#8217;i &#8220;kat\u0131l\u0131yorum&#8221; diyor. &#8220;Suriyelilere yard\u0131m etmek bizim sorunumuz de\u011fil&#8221; g\u00f6r\u00fc\u015f\u00fcne ise y\u00fczde 54 kar\u015f\u0131 \u00e7\u0131karak &#8220;kat\u0131lm\u0131yorum&#8221; cevab\u0131n\u0131 veriyor. Anketin bir di\u011fer \u00e7arp\u0131c\u0131 sonucu ise &#8220;Suriyelilere yeterince yard\u0131m edemiyoruz, dilenmek ya da s\u00f6m\u00fcr\u00fclerek \u00e7al\u0131\u015fmak zorunda kal\u0131yorlar&#8221; g\u00f6r\u00fc\u015f\u00fcne kat\u0131l\u0131mc\u0131lar\u0131n y\u00fczde 42&#8217;sinin &#8220;kat\u0131lm\u0131yorum&#8221; demi\u015f olmas\u0131. T\u00fcrkiye&#8217;nin yar\u0131s\u0131 Suriyelilerin dilenmek zorunda kald\u0131\u011f\u0131na inanm\u0131yor.<\/p>\n\n\n\n<figure class=\"wp-block-image size-full\"><img fetchpriority=\"high\" decoding=\"async\" width=\"174\" height=\"762\" src=\"https:\/\/test1.xsights.co.uk\/wp-content\/uploads\/2023\/02\/suriyeliler_1_1.jpg\" alt=\"\" class=\"wp-image-4225\"\/><\/figure>\n\n\n\n<figure class=\"wp-block-image size-full\"><img decoding=\"async\" width=\"892\" height=\"544\" src=\"https:\/\/test1.xsights.co.uk\/wp-content\/uploads\/2023\/02\/suriyeliler_2.jpg\" alt=\"\" class=\"wp-image-4227\" srcset=\"https:\/\/www.xsights.co.uk\/wp-content\/uploads\/2023\/02\/suriyeliler_2.jpg 892w, https:\/\/www.xsights.co.uk\/wp-content\/uploads\/2023\/02\/suriyeliler_2-300x183.jpg 300w, https:\/\/www.xsights.co.uk\/wp-content\/uploads\/2023\/02\/suriyeliler_2-768x468.jpg 768w\" sizes=\"(max-width: 892px) 100vw, 892px\" \/><\/figure>\n\n\n\n<figure class=\"wp-block-image size-full\"><img decoding=\"async\" width=\"529\" height=\"560\" src=\"https:\/\/test1.xsights.co.uk\/wp-content\/uploads\/2023\/02\/suriyeliler_3.jpg\" alt=\"\" class=\"wp-image-4229\" srcset=\"https:\/\/www.xsights.co.uk\/wp-content\/uploads\/2023\/02\/suriyeliler_3.jpg 529w, https:\/\/www.xsights.co.uk\/wp-content\/uploads\/2023\/02\/suriyeliler_3-283x300.jpg 283w\" sizes=\"(max-width: 529px) 100vw, 529px\" \/><\/figure>\n\n\n\n<h3 class=\"wp-block-heading\">Halk\u0131n y\u00fczde 47&#8217;si &#8220;Suriyeliler \u00fclkemizi terk etsin&#8221; diyor<\/h3>\n\n\n\n<p>Ankete g\u00f6re T\u00fcrkiye&#8217;nin yar\u0131s\u0131 Suriyelilerin \u00fclkeyi terk etmesini istiyor. &#8220;Suriyeliler \u00fclkemizi terk etsin istiyor&#8221; g\u00f6r\u00fc\u015f\u00fcne &#8220;kat\u0131l\u0131yorum&#8221; diyenlerin oran\u0131 y\u00fczde 47, kat\u0131lmad\u0131\u011f\u0131n\u0131 belirtenlerin oran\u0131 ise y\u00fczde 27&#8217;de&#8230;<\/p>\n\n\n\n<p>Ankete kat\u0131lanlar Suriyelilerin ekonomik katk\u0131 sa\u011flamad\u0131\u011f\u0131n\u0131 ve \u00fclkeyi terk etmesini istediklerini belirtirken, onlar\u0131n T\u00fcrkiye&#8217;deki ya\u015fam ko\u015fullar\u0131n\u0131n da k\u00f6t\u00fc oldu\u011funu d\u00fc\u015f\u00fcn\u00fcyor. &#8220;Suriyelilerin ya\u015fama ko\u015fullar\u0131 \u00e7ok zor&#8221; d\u00fc\u015f\u00fcncesi ile ayn\u0131 g\u00f6r\u00fc\u015fte olduklar\u0131n\u0131 s\u00f6yleyen kat\u0131l\u0131mc\u0131lar\u0131n oran\u0131 y\u00fczde 43. Suriyelilere yeterince yard\u0131m edilemedi\u011fi i\u00e7in dilenmek zorunda kald\u0131klar\u0131n\u0131 d\u00fc\u015f\u00fcnenlerin oran\u0131 da y\u00fczde 25.<\/p>\n\n\n\n<figure class=\"wp-block-image size-full\"><img loading=\"lazy\" decoding=\"async\" width=\"793\" height=\"757\" src=\"https:\/\/test1.xsights.co.uk\/wp-content\/uploads\/2023\/02\/suriyeliler_4.jpg\" alt=\"\" class=\"wp-image-4231\" srcset=\"https:\/\/www.xsights.co.uk\/wp-content\/uploads\/2023\/02\/suriyeliler_4.jpg 793w, https:\/\/www.xsights.co.uk\/wp-content\/uploads\/2023\/02\/suriyeliler_4-300x286.jpg 300w, https:\/\/www.xsights.co.uk\/wp-content\/uploads\/2023\/02\/suriyeliler_4-768x733.jpg 768w\" sizes=\"(max-width: 793px) 100vw, 793px\" \/><\/figure>\n\n\n\n<p>Haber: HANDAN SEMA CEYLAN<\/p>\n\n\n\n<p>Kaynak: D\u00fcnya Gazetesi<\/p>\n","protected":false},"excerpt":{"rendered":"<p>Xsights&#8217;\u0131n, D\u00fcnya Gazetesi i\u00e7in ger\u00e7ekle\u015ftirdi\u011fi &#8220;Toplumsal Nab\u0131z Anketi&#8221; ile T\u00fcrkiye&#8217;nin s\u0131cak g\u00fcndemini analiz etmeye devam ediyor. Xsights Ara\u015ft\u0131rma&#8217;n\u0131n ger\u00e7ekle\u015ftirdi\u011fi anketi, 26 kentten 1500 ki\u015fi yan\u0131tlad\u0131. D\u00fcn yay\u0131nlanan ilk b\u00f6l\u00fcm\u00fcn\u00fcn ard\u0131ndan bu defa g\u00fcndem; Suriyeliler&#8230; T\u00fcrkiye&#8217;de her be\u015f ki\u015fiden sadece biri Suriyelilerin ekonomiye katk\u0131 sa\u011flad\u0131\u011f\u0131n\u0131 d\u00fc\u015f\u00fcn\u00fcyor. D\u00dcNYA&#8217;n\u0131n, Xsight Ara\u015ft\u0131rma ile ger\u00e7ekle\u015ftirdi\u011fi &#8220;Toplumsal Nab\u0131z Anketi&#8221;nin ikinci \u00e7eyrek [&hellip;]<\/p>\n","protected":false},"author":5,"featured_media":2696,"comment_status":"open","ping_status":"open","sticky":false,"template":"","format":"standard","meta":{"_acf_changed":false,"footnotes":""},"categories":[133],"tags":[],"class_list":["post-4224","post","type-post","status-publish","format-standard","has-post-thumbnail","hentry","category-one-cikanlar"],"acf":[],"_links":{"self":[{"href":"https:\/\/www.xsights.co.uk\/tr\/wp-json\/wp\/v2\/posts\/4224","targetHints":{"allow":["GET"]}}],"collection":[{"href":"https:\/\/www.xsights.co.uk\/tr\/wp-json\/wp\/v2\/posts"}],"about":[{"href":"https:\/\/www.xsights.co.uk\/tr\/wp-json\/wp\/v2\/types\/post"}],"author":[{"embeddable":true,"href":"https:\/\/www.xsights.co.uk\/tr\/wp-json\/wp\/v2\/users\/5"}],"replies":[{"embeddable":true,"href":"https:\/\/www.xsights.co.uk\/tr\/wp-json\/wp\/v2\/comments?post=4224"}],"version-history":[{"count":0,"href":"https:\/\/www.xsights.co.uk\/tr\/wp-json\/wp\/v2\/posts\/4224\/revisions"}],"wp:featuredmedia":[{"embeddable":true,"href":"https:\/\/www.xsights.co.uk\/tr\/wp-json\/wp\/v2\/media\/2696"}],"wp:attachment":[{"href":"https:\/\/www.xsights.co.uk\/tr\/wp-json\/wp\/v2\/media?parent=4224"}],"wp:term":[{"taxonomy":"category","embeddable":true,"href":"https:\/\/www.xsights.co.uk\/tr\/wp-json\/wp\/v2\/categories?post=4224"},{"taxonomy":"post_tag","embeddable":true,"href":"https:\/\/www.xsights.co.uk\/tr\/wp-json\/wp\/v2\/tags?post=4224"}],"curies":[{"name":"wp","href":"https:\/\/api.w.org\/{rel}","templated":true}]}}