{"id":4234,"date":"2017-09-08T22:02:32","date_gmt":"2017-09-08T19:02:32","guid":{"rendered":"https:\/\/test1.xsights.co.uk\/?p=4234"},"modified":"2023-04-27T13:56:36","modified_gmt":"2023-04-27T10:56:36","slug":"once-ekonomi","status":"publish","type":"post","link":"https:\/\/www.xsights.co.uk\/tr\/once-ekonomi\/","title":{"rendered":"\u00d6nce Ekonomi!"},"content":{"rendered":"\n<h3 class=\"wp-block-heading\">T\u00fcrkiye\u2019nin yar\u0131s\u0131 &#8216;\u00f6ncelik ekonomik sorunlar&#8217; dedi<\/h3>\n\n\n\n<p>T\u00fcrkiye, ikinci \u00e7eyrekte en \u00e7ok \u2018ekonomik sorunlar\u2019\u0131 mesele etti! Xsights Ara\u015ft\u0131rma, D\u00dcNYA okurlar\u0131 i\u00e7in sordu 26 kentten 1500 kat\u0131l\u0131mc\u0131 yan\u0131tlad\u0131. Ankette, \u2018T\u00fcrkiye\u2019nin kar\u015f\u0131 kar\u015f\u0131ya oldu\u011fu en \u00f6nemli mesele nedir\u2019 sorusuna kat\u0131l\u0131mc\u0131lar\u0131n neredeyse yar\u0131s\u0131 \u2018ekonomik sorunlar\u2019 cevab\u0131n\u0131 verdi.<\/p>\n\n\n\n<p>T\u00fcrkiye\u2019nin 26 kentinde 1500 vatanda\u015fa sorduk. Vatanda\u015f \u201cT\u00fcrkiye\u2019nin kar\u015f\u0131 kar\u015f\u0131ya oldu\u011fu en \u00f6nemli mesele sizce nedir\u201d sorusuna y\u00fczde 49\u2019la \u2018Ekonomik sorunlar\u2019 yan\u0131t\u0131n\u0131 verdi. \u0130kinci s\u0131rada ise y\u00fczde 37\u2019la cevap; \u2018PKK\u2019 oldu. T\u00fcrkiye\u2019nin \u00fc\u00e7\u00fcnc\u00fc \u00f6nemli meselesi ise y\u00fczde 33 ile \u2018Suriyeli m\u00fclteciler\u2019\u2026<\/p>\n\n\n\n<p>Xsights Ara\u015ft\u0131rma\u2019n\u0131n D\u00dcNYA Gazetesi i\u00e7in her y\u0131l\u0131n \u00e7eyrekleri baz\u0131nda ger\u00e7ekle\u015ftirdi\u011fi \u2018Toplumsal Nab\u0131z Anketi\u2019nin ikinci \u00e7eyrek sonu\u00e7lar\u0131 belli oldu. Ankette kat\u0131l\u0131mc\u0131lar ikinci \u00e7eyre\u011fe damga vuran geli\u015fmeleri de\u011ferlendirdi. T\u00fcrkiye\u2019nin en \u00f6nemli meseleleri, 19 ba\u015fl\u0131k alt\u0131nda devletin vatanda\u015flar\u0131na sundu\u011fu hizmetler, Adalet Y\u00fcr\u00fcy\u00fc\u015f\u00fc ve Suriyelilerle ilgili T\u00fcrkiye\u2019nin nabz\u0131 tutuldu.<\/p>\n\n\n\n<p>\u201cT\u00fcrkiye\u2019nin kar\u015f\u0131 kar\u015f\u0131ya oldu\u011fu en \u00f6nemli mesele sizce nedir\u201d ve \u201cT\u00fcrkiye\u2019nin kar\u015f\u0131 kar\u015f\u0131ya oldu\u011fu di\u011fer \u00f6nemli meselelerin ne oldu\u011funu d\u00fc\u015f\u00fcn\u00fcyorsunuz\u201d sorusuna vatanda\u015flar\u0131n verdi\u011fi \u2018Ekonomik sorunlar\u2019 cevab\u0131 y\u00fczde 49 ile T\u00fcrkiye\u2019nin en \u00f6nemli meselesi oldu. Verilen cevaplar aras\u0131nda y\u00fczde 37 ile \u2018PKK\u2019 ikinci, y\u00fczde 33 ile \u2018Suriyeli M\u00fclteciler\u2019 \u00fc\u00e7\u00fcnc\u00fc s\u0131raya yerle\u015fti.<\/p>\n\n\n\n<figure class=\"wp-block-image size-full\"><img fetchpriority=\"high\" decoding=\"async\" width=\"861\" height=\"741\" src=\"https:\/\/test1.xsights.co.uk\/wp-content\/uploads\/2023\/02\/x1_1.jpg\" alt=\"\" class=\"wp-image-4235\" srcset=\"https:\/\/www.xsights.co.uk\/wp-content\/uploads\/2023\/02\/x1_1.jpg 861w, https:\/\/www.xsights.co.uk\/wp-content\/uploads\/2023\/02\/x1_1-300x258.jpg 300w, https:\/\/www.xsights.co.uk\/wp-content\/uploads\/2023\/02\/x1_1-768x661.jpg 768w\" sizes=\"(max-width: 861px) 100vw, 861px\" \/><\/figure>\n\n\n\n<h3 class=\"wp-block-heading\">\u0130lk \u00e7eyre\u011fe g\u00f6re 19 alanda memnuniyet kan kaybetti<\/h3>\n\n\n\n<p>19 ba\u015fl\u0131k alt\u0131nda devletin vatanda\u015flar\u0131na verdi\u011fi hizmetlerden memnuniyet derecelerini de belirttiler. Soru \u201cBirazdan okuyaca\u011f\u0131m\u0131z hizmetleri d\u00fc\u015f\u00fcnd\u00fc\u011f\u00fcn\u00fczde, bir vatanda\u015f olarak ne derece memnun oldu\u011funuzu ifade etmenizi rica ediyoruz. Cevab\u0131n\u0131z\u0131 verirken, l\u00fctfen 1\u2019in \u2018hi\u00e7 memnun de\u011filim\u2019, 5\u2019in \u2018\u00e7ok memnunum\u2019 oldu\u011fu bir \u00f6l\u00e7ekle veriniz\u201d \u015feklinde y\u00f6neltildi.<\/p>\n\n\n\n<p>Kat\u0131l\u0131mc\u0131lar\u0131n 5 \u00fczerinden 3.5 ile en memnun oldu\u011fu hizmet \u2018din\u2019 oldu. \u0130lk \u00e7eyrekte bu de\u011fer 3.8\u2019di. Ekonomi 19 ba\u015fl\u0131ktan en az memnun olunan hizmet. ilk \u00e7eyrekteki 3.4\u2019l\u00fck de\u011ferinden 2.7\u2019ye geriledi.<\/p>\n\n\n\n<figure class=\"wp-block-image size-full\"><img decoding=\"async\" width=\"873\" height=\"216\" src=\"https:\/\/test1.xsights.co.uk\/wp-content\/uploads\/2023\/02\/x2_4.jpg\" alt=\"\" class=\"wp-image-4237\" srcset=\"https:\/\/www.xsights.co.uk\/wp-content\/uploads\/2023\/02\/x2_4.jpg 873w, https:\/\/www.xsights.co.uk\/wp-content\/uploads\/2023\/02\/x2_4-300x74.jpg 300w, https:\/\/www.xsights.co.uk\/wp-content\/uploads\/2023\/02\/x2_4-768x190.jpg 768w\" sizes=\"(max-width: 873px) 100vw, 873px\" \/><\/figure>\n\n\n\n<h3 class=\"wp-block-heading\">T\u00fcrkiye&#8217;de adalet<\/h3>\n\n\n\n<p>T\u00fcrkiye\u2019de ikinci \u00e7eyre\u011fe damgas\u0131n\u0131 vuran olaylardan bir de CHP Genel Ba\u015fkan\u0131 Kemal K\u0131l\u0131\u00e7daro\u011flu\u2019nun 15 Haziran\u2019da ba\u015flatt\u0131\u011f\u0131 Adalet Y\u00fcr\u00fcy\u00fc\u015f\u00fc\u2019yd\u00fc. Vatanda\u015fa bu konuda iki soru y\u00f6neltildi. Bu sorular \u201cSize g\u00f6re T\u00fcrkiye\u2019de en \u00e7ok hangi alanda adalete ihtiya\u00e7 vard\u0131r\u201d ve \u201cAdalet Y\u00fcr\u00fcy\u00fc\u015f\u00fcn\u00fcn T\u00fcrkiye\u2019de adaletin art\u0131r\u0131lmas\u0131nda etkili olaca\u011f\u0131n\u0131 d\u00fc\u015f\u00fcn\u00fcyor musunuz\u201d \u015feklinde. \u00a0\u0130lk soruya \u201c\u00dclkemiz adaletlidir, herhangi bir alanda geli\u015fime gerek yoktur\u201d diyenlerin oran\u0131 y\u00fczde 12\u2019de kald\u0131. En \u00e7ok adalete ihtiya\u00e7 duyulan alan \u2018yarg\u0131 ba\u011f\u0131ms\u0131zl\u0131\u011f\u0131\u2019 oldu.\u00a0<\/p>\n\n\n\n<figure class=\"wp-block-image size-full\"><img decoding=\"async\" width=\"390\" height=\"382\" src=\"https:\/\/test1.xsights.co.uk\/wp-content\/uploads\/2023\/02\/x3.png\" alt=\"\" class=\"wp-image-4239\" srcset=\"https:\/\/www.xsights.co.uk\/wp-content\/uploads\/2023\/02\/x3.png 390w, https:\/\/www.xsights.co.uk\/wp-content\/uploads\/2023\/02\/x3-300x294.png 300w\" sizes=\"(max-width: 390px) 100vw, 390px\" \/><\/figure>\n\n\n\n<figure class=\"wp-block-image size-full\"><img loading=\"lazy\" decoding=\"async\" width=\"643\" height=\"241\" src=\"https:\/\/test1.xsights.co.uk\/wp-content\/uploads\/2023\/02\/x4.jpg\" alt=\"\" class=\"wp-image-4241\" srcset=\"https:\/\/www.xsights.co.uk\/wp-content\/uploads\/2023\/02\/x4.jpg 643w, https:\/\/www.xsights.co.uk\/wp-content\/uploads\/2023\/02\/x4-300x112.jpg 300w\" sizes=\"(max-width: 643px) 100vw, 643px\" \/><\/figure>\n\n\n\n<h3 class=\"wp-block-heading\">Be\u015f y\u0131l sonras\u0131 i\u00e7in umutlar y\u00fcksek<\/h3>\n\n\n\n<p>Kat\u0131l\u0131mc\u0131lar en b\u00fcy\u00fck meselenin \u2018ekonomik sorunlar\u2019 oldu\u011funu s\u00f6ylerken, umudu da elinden b\u0131rakmad\u0131. \u201cSize g\u00f6re, T\u00fcrkiye\u2019nin gelen durumu, bug\u00fcn ile k\u0131yasland\u0131\u011f\u0131nda, be\u015f y\u0131l i\u00e7inde nas\u0131l olacakt\u0131r\u201d sorusuna kat\u0131l\u0131mc\u0131lar\u0131n neredeyse yar\u0131s\u0131 \u2018Bug\u00fcnk\u00fc durumdan daha iyi\u201d cevab\u0131n\u0131 verdi. Ankete kat\u0131lan ve \u2018daha iyi\u2019 diyerek be\u015f y\u0131l sonras\u0131 i\u00e7in umut g\u00f6renlerin oran\u0131 y\u00fczde 46 oldu. Her \u00fc\u00e7 ki\u015fiden biri ise umutsuz. \u2018Bug\u00fcnk\u00fc durumundan daha k\u00f6t\u00fc\u2019 diyenlerin oran\u0131 y\u00fczde 37. Kat\u0131l\u0131mc\u0131lardan \u201cBug\u00fcnk\u00fc durumu ile ayn\u0131\u201d yan\u0131t\u0131n\u0131 verenlerin oran\u0131 ise y\u00fczde 17 oldu.<\/p>\n\n\n\n<figure class=\"wp-block-image size-full\"><img loading=\"lazy\" decoding=\"async\" width=\"296\" height=\"305\" src=\"https:\/\/test1.xsights.co.uk\/wp-content\/uploads\/2023\/02\/x5.jpg\" alt=\"\" class=\"wp-image-4243\" srcset=\"https:\/\/www.xsights.co.uk\/wp-content\/uploads\/2023\/02\/x5.jpg 296w, https:\/\/www.xsights.co.uk\/wp-content\/uploads\/2023\/02\/x5-291x300.jpg 291w\" sizes=\"(max-width: 296px) 100vw, 296px\" \/><\/figure>\n\n\n\n<p><strong>Kat\u0131l\u0131mc\u0131lar hangi kentten?<\/strong><\/p>\n\n\n\n<p>\u0130stanbul, \u0130zmir, Ankara, Bursa, Antalya, Adana, Gaziantep, \u015eanl\u0131urfa, Kayseri, Kocaeli, Hatay, Trabzon, Van, Manisa, Samsun, Konya, Tekirda\u011f, Bal\u0131kesir, Mardin, Ayd\u0131n, Malatya, Erzurum, Zonguldak, Kastamonu, A\u011fr\u0131, K\u0131r\u0131kkale<\/p>\n\n\n\n<figure class=\"wp-block-image size-full\"><img loading=\"lazy\" decoding=\"async\" width=\"169\" height=\"449\" src=\"https:\/\/test1.xsights.co.uk\/wp-content\/uploads\/2023\/02\/x7.jpg\" alt=\"\" class=\"wp-image-4245\" srcset=\"https:\/\/www.xsights.co.uk\/wp-content\/uploads\/2023\/02\/x7.jpg 169w, https:\/\/www.xsights.co.uk\/wp-content\/uploads\/2023\/02\/x7-113x300.jpg 113w\" sizes=\"(max-width: 169px) 100vw, 169px\" \/><\/figure>\n","protected":false},"excerpt":{"rendered":"<p>T\u00fcrkiye\u2019nin yar\u0131s\u0131 &#8216;\u00f6ncelik ekonomik sorunlar&#8217; dedi T\u00fcrkiye, ikinci \u00e7eyrekte en \u00e7ok \u2018ekonomik sorunlar\u2019\u0131 mesele etti! Xsights Ara\u015ft\u0131rma, D\u00dcNYA okurlar\u0131 i\u00e7in sordu 26 kentten 1500 kat\u0131l\u0131mc\u0131 yan\u0131tlad\u0131. Ankette, \u2018T\u00fcrkiye\u2019nin kar\u015f\u0131 kar\u015f\u0131ya oldu\u011fu en \u00f6nemli mesele nedir\u2019 sorusuna kat\u0131l\u0131mc\u0131lar\u0131n neredeyse yar\u0131s\u0131 \u2018ekonomik sorunlar\u2019 cevab\u0131n\u0131 verdi. T\u00fcrkiye\u2019nin 26 kentinde 1500 vatanda\u015fa sorduk. Vatanda\u015f \u201cT\u00fcrkiye\u2019nin kar\u015f\u0131 kar\u015f\u0131ya oldu\u011fu en [&hellip;]<\/p>\n","protected":false},"author":3,"featured_media":2696,"comment_status":"open","ping_status":"open","sticky":false,"template":"","format":"standard","meta":{"_acf_changed":false,"footnotes":""},"categories":[133],"tags":[],"class_list":["post-4234","post","type-post","status-publish","format-standard","has-post-thumbnail","hentry","category-one-cikanlar"],"acf":[],"_links":{"self":[{"href":"https:\/\/www.xsights.co.uk\/tr\/wp-json\/wp\/v2\/posts\/4234","targetHints":{"allow":["GET"]}}],"collection":[{"href":"https:\/\/www.xsights.co.uk\/tr\/wp-json\/wp\/v2\/posts"}],"about":[{"href":"https:\/\/www.xsights.co.uk\/tr\/wp-json\/wp\/v2\/types\/post"}],"author":[{"embeddable":true,"href":"https:\/\/www.xsights.co.uk\/tr\/wp-json\/wp\/v2\/users\/3"}],"replies":[{"embeddable":true,"href":"https:\/\/www.xsights.co.uk\/tr\/wp-json\/wp\/v2\/comments?post=4234"}],"version-history":[{"count":0,"href":"https:\/\/www.xsights.co.uk\/tr\/wp-json\/wp\/v2\/posts\/4234\/revisions"}],"wp:featuredmedia":[{"embeddable":true,"href":"https:\/\/www.xsights.co.uk\/tr\/wp-json\/wp\/v2\/media\/2696"}],"wp:attachment":[{"href":"https:\/\/www.xsights.co.uk\/tr\/wp-json\/wp\/v2\/media?parent=4234"}],"wp:term":[{"taxonomy":"category","embeddable":true,"href":"https:\/\/www.xsights.co.uk\/tr\/wp-json\/wp\/v2\/categories?post=4234"},{"taxonomy":"post_tag","embeddable":true,"href":"https:\/\/www.xsights.co.uk\/tr\/wp-json\/wp\/v2\/tags?post=4234"}],"curies":[{"name":"wp","href":"https:\/\/api.w.org\/{rel}","templated":true}]}}