{"id":4333,"date":"2018-01-05T22:39:55","date_gmt":"2018-01-05T19:39:55","guid":{"rendered":"https:\/\/test1.xsights.co.uk\/?p=4333"},"modified":"2023-04-27T13:47:31","modified_gmt":"2023-04-27T10:47:31","slug":"ekmek-ve-tahil-urunleri-pazari","status":"publish","type":"post","link":"https:\/\/www.xsights.co.uk\/tr\/ekmek-ve-tahil-urunleri-pazari\/","title":{"rendered":"Ekmek ve Tah\u0131l \u00dcr\u00fcnleri Pazar\u0131"},"content":{"rendered":"\n<p>D\u00fcnya Gazetesi i\u00e7in haz\u0131rlad\u0131\u011f\u0131m\u0131z Toplumsal Check-up dosyas\u0131n\u0131n 2018&#8217;deki ilk konusu: &#8216;Ekmek ve Tah\u0131l \u00dcr\u00fcnleri Pazar\u0131&#8221;<\/p>\n\n\n\n<p>Ekmek israf\u0131n\u0131n \u00f6nlenmesi amac\u0131yla 1 Ocak itibariyle ekme\u011fin gram\u0131nda de\u011fi\u015fikli\u011fe gidildi. Yap\u0131lan de\u011fi\u015fikli\u011fe g\u00f6re 250 gr ekmek 200 gr\u2019a d\u00fc\u015f\u00fcr\u00fcld\u00fc. Bu uygulama israf\u0131 \u00f6nleyecek mi bilemiyoruz ancak T\u00fcrkiye\u2019de ekmek t\u00fcketiminin \u00e7ok \u00fcst seviyelerde oldu\u011fu bir ger\u00e7ek. Xsights Ara\u015ft\u0131rman\u0131n yapt\u0131\u011f\u0131 masa ba\u015f\u0131 ara\u015ft\u0131rmaya g\u00f6re 2017 y\u0131l\u0131nda 40 milyar liraya ula\u015fan Ekmek ve Tah\u0131l \u00fcr\u00fcnleri pazar\u0131n\u0131n her sene artarak 2021 y\u0131l\u0131nda 42 milyar liraya ula\u015fmas\u0131 \u00f6n g\u00f6r\u00fcl\u00fcyor.<\/p>\n\n\n\n<figure class=\"wp-block-image size-full\"><img fetchpriority=\"high\" decoding=\"async\" width=\"416\" height=\"449\" src=\"https:\/\/test1.xsights.co.uk\/wp-content\/uploads\/2023\/02\/resim1.png\" alt=\"\" class=\"wp-image-4334\" srcset=\"https:\/\/www.xsights.co.uk\/wp-content\/uploads\/2023\/02\/resim1.png 416w, https:\/\/www.xsights.co.uk\/wp-content\/uploads\/2023\/02\/resim1-278x300.png 278w\" sizes=\"(max-width: 416px) 100vw, 416px\" \/><\/figure>\n\n\n\n<p>Amerikal\u0131 firma Global Data&#8217;n\u0131n raporuna g\u00f6re T\u00fcrkiye\u2019deki ekmek ve tah\u0131l \u00fcr\u00fcnleri pazar\u0131 oransal olarak azalarak art\u0131\u015f g\u00f6stermeye devam edecek. 2016 y\u0131l\u0131nda en b\u00fcy\u00fck pay\u0131 29 milyarla (%74,74) ekmek kategorisi al\u0131rken en \u00e7ok art\u0131\u015f g\u00f6zlenen kategori ise %5.53 ile kahvalt\u0131l\u0131k hububatlar oldu.<\/p>\n\n\n\n<p>Pazar hacmine (kg) bak\u0131ld\u0131\u011f\u0131nda ise Ekmek ve Tah\u0131l \u00fcr\u00fcnleri pazar\u0131nda 2015\u2019ten 2016\u2019ya %1,59\u2019luk bir art\u0131\u015f g\u00f6zlemlenmektedir. 2016\u2019dan 2021 aras\u0131nda y\u0131ll\u0131k ortalama b\u00fcy\u00fcmenin %1.38 olaca\u011f\u0131 \u00f6n g\u00f6r\u00fclmektedir.<\/p>\n\n\n\n<p>2018\u2019de de \u00e7ok ekmek yiyece\u011fiz gibi duruyor.<\/p>\n\n\n\n<p><\/p>\n","protected":false},"excerpt":{"rendered":"<p>D\u00fcnya Gazetesi i\u00e7in haz\u0131rlad\u0131\u011f\u0131m\u0131z Toplumsal Check-up dosyas\u0131n\u0131n 2018&#8217;deki ilk konusu: &#8216;Ekmek ve Tah\u0131l \u00dcr\u00fcnleri Pazar\u0131&#8221; Ekmek israf\u0131n\u0131n \u00f6nlenmesi amac\u0131yla 1 Ocak itibariyle ekme\u011fin gram\u0131nda de\u011fi\u015fikli\u011fe gidildi. Yap\u0131lan de\u011fi\u015fikli\u011fe g\u00f6re 250 gr ekmek 200 gr\u2019a d\u00fc\u015f\u00fcr\u00fcld\u00fc. Bu uygulama israf\u0131 \u00f6nleyecek mi bilemiyoruz ancak T\u00fcrkiye\u2019de ekmek t\u00fcketiminin \u00e7ok \u00fcst seviyelerde oldu\u011fu bir ger\u00e7ek. Xsights Ara\u015ft\u0131rman\u0131n yapt\u0131\u011f\u0131 masa [&hellip;]<\/p>\n","protected":false},"author":5,"featured_media":2696,"comment_status":"open","ping_status":"open","sticky":false,"template":"","format":"standard","meta":{"_acf_changed":false,"footnotes":""},"categories":[133],"tags":[],"class_list":["post-4333","post","type-post","status-publish","format-standard","has-post-thumbnail","hentry","category-one-cikanlar"],"acf":[],"_links":{"self":[{"href":"https:\/\/www.xsights.co.uk\/tr\/wp-json\/wp\/v2\/posts\/4333","targetHints":{"allow":["GET"]}}],"collection":[{"href":"https:\/\/www.xsights.co.uk\/tr\/wp-json\/wp\/v2\/posts"}],"about":[{"href":"https:\/\/www.xsights.co.uk\/tr\/wp-json\/wp\/v2\/types\/post"}],"author":[{"embeddable":true,"href":"https:\/\/www.xsights.co.uk\/tr\/wp-json\/wp\/v2\/users\/5"}],"replies":[{"embeddable":true,"href":"https:\/\/www.xsights.co.uk\/tr\/wp-json\/wp\/v2\/comments?post=4333"}],"version-history":[{"count":0,"href":"https:\/\/www.xsights.co.uk\/tr\/wp-json\/wp\/v2\/posts\/4333\/revisions"}],"wp:featuredmedia":[{"embeddable":true,"href":"https:\/\/www.xsights.co.uk\/tr\/wp-json\/wp\/v2\/media\/2696"}],"wp:attachment":[{"href":"https:\/\/www.xsights.co.uk\/tr\/wp-json\/wp\/v2\/media?parent=4333"}],"wp:term":[{"taxonomy":"category","embeddable":true,"href":"https:\/\/www.xsights.co.uk\/tr\/wp-json\/wp\/v2\/categories?post=4333"},{"taxonomy":"post_tag","embeddable":true,"href":"https:\/\/www.xsights.co.uk\/tr\/wp-json\/wp\/v2\/tags?post=4333"}],"curies":[{"name":"wp","href":"https:\/\/api.w.org\/{rel}","templated":true}]}}