{"id":4381,"date":"2018-02-07T22:54:45","date_gmt":"2018-02-07T19:54:45","guid":{"rendered":"https:\/\/test1.xsights.co.uk\/?p=4381"},"modified":"2023-04-27T13:44:49","modified_gmt":"2023-04-27T10:44:49","slug":"cocuklarda-balik-yagini-neden-ve-nasil-kullaniyoruz","status":"publish","type":"post","link":"https:\/\/www.xsights.co.uk\/tr\/cocuklarda-balik-yagini-neden-ve-nasil-kullaniyoruz\/","title":{"rendered":"\u00c7ocuklarda bal\u0131k ya\u011f\u0131n\u0131 neden ve nas\u0131l kullan\u0131yoruz?"},"content":{"rendered":"\n<p>Parents Dergisi&#8217;nin, Xsights Ara\u015ft\u0131rma ile yapt\u0131\u011f\u0131 \u00e7al\u0131\u015fmaya g\u00f6re annelerin sadece y\u00fczde 15&#8217;i \u00e7ocuklar\u0131nda bal\u0131k ya\u011f\u0131 kullan\u0131yor. Kullananlar\u0131n ise sadece y\u00fczde 45&#8217;i d\u00fczenli kullan\u0131yor.<\/p>\n\n\n\n<p>Parents dergisi i\u00e7in yapt\u0131\u011f\u0131m\u0131z ara\u015ft\u0131rmalardan ilki &#8220;\u00c7ocuklarda bal\u0131k ya\u011f\u0131n\u0131 neden ve nas\u0131l kullan\u0131yoruz?&#8221; ba\u015fl\u0131\u011f\u0131 ile derginin \u015eubat say\u0131s\u0131nda yay\u0131mland\u0131.<\/p>\n\n\n\n<h3 class=\"wp-block-heading\">\u00c7al\u0131\u015fan anne daha \u00e7ok tercih ediyor<\/h3>\n\n\n\n<figure class=\"wp-block-image size-full\"><img fetchpriority=\"high\" decoding=\"async\" width=\"1024\" height=\"392\" src=\"https:\/\/test1.xsights.co.uk\/wp-content\/uploads\/2023\/02\/balik_yagi_kullanimi_arastirma_sirketi_1.png\" alt=\"\" class=\"wp-image-4382\" srcset=\"https:\/\/www.xsights.co.uk\/wp-content\/uploads\/2023\/02\/balik_yagi_kullanimi_arastirma_sirketi_1.png 1024w, https:\/\/www.xsights.co.uk\/wp-content\/uploads\/2023\/02\/balik_yagi_kullanimi_arastirma_sirketi_1-300x115.png 300w, https:\/\/www.xsights.co.uk\/wp-content\/uploads\/2023\/02\/balik_yagi_kullanimi_arastirma_sirketi_1-768x294.png 768w\" sizes=\"(max-width: 1024px) 100vw, 1024px\" \/><\/figure>\n\n\n\n<figure class=\"wp-block-image size-full\"><img decoding=\"async\" width=\"1025\" height=\"400\" src=\"https:\/\/test1.xsights.co.uk\/wp-content\/uploads\/2023\/02\/balik_yagi_kullanimi_arastirma_sirketi_2.png\" alt=\"\" class=\"wp-image-4384\" srcset=\"https:\/\/www.xsights.co.uk\/wp-content\/uploads\/2023\/02\/balik_yagi_kullanimi_arastirma_sirketi_2.png 1025w, https:\/\/www.xsights.co.uk\/wp-content\/uploads\/2023\/02\/balik_yagi_kullanimi_arastirma_sirketi_2-300x117.png 300w, https:\/\/www.xsights.co.uk\/wp-content\/uploads\/2023\/02\/balik_yagi_kullanimi_arastirma_sirketi_2-768x300.png 768w\" sizes=\"(max-width: 1025px) 100vw, 1025px\" \/><\/figure>\n\n\n\n<p>Ara\u015ft\u0131rmaya kat\u0131lan \u00e7al\u0131\u015fan annelerin oran\u0131 y\u00fczde 28 iken, bal\u0131k ya\u011f\u0131n\u0131 \u00e7ocu\u011funda kullanmay\u0131 tercih eden \u00e7al\u0131\u015fan annelerin oran\u0131 y\u00fczde 39&#8217;a kadar y\u00fckseliyor. Bu \u00e7al\u0131\u015fan annenin bal\u0131k ya\u011f\u0131 kullan\u0131m\u0131 konusunda biraz daha istekli oldu\u011funu g\u00f6steriyor. Ayn\u0131 zamanda 25-34 ya\u015f grubu&nbsp;kad\u0131nlar ara\u015ft\u0131rmadaki t\u00fcm kad\u0131nlar\u0131n y\u00fczde 36&#8217;s\u0131n\u0131 olu\u015fturmas\u0131na kar\u015f\u0131n bal\u0131k ya\u011f\u0131 kullananlar\u0131n y\u00fczde 45&#8217;ini olu\u015fturmas\u0131 bu ya\u015f grubundaki annelerin bal\u0131k ya\u011f\u0131 kullan\u0131m\u0131na daha yak\u0131n olduklar\u0131n\u0131 ortaya koyuyor.&nbsp;<\/p>\n\n\n\n<p><br>\u00d6te yandan B ve C1 sosyo ekonomik grubundaki anneler t\u00fcm ara\u015ft\u0131rman\u0131n y\u00fczde 37&#8217;sini olu\u015ftururken, bu gurplarda bal\u0131k ya\u011f\u0131 kulland\u0131ranlara oran\u0131 y\u00fczde 58&#8217;e kadar \u00e7\u0131k\u0131yor.&nbsp;<\/p>\n\n\n\n<h3 class=\"wp-block-heading\"><br>Annelerin sadece y\u00fczde 15&#8217;i \u00e7ocu\u011funa bal\u0131k ya\u011f\u0131 veriyor\u00a0<\/h3>\n\n\n\n<figure class=\"wp-block-image size-full\"><img decoding=\"async\" width=\"1025\" height=\"422\" src=\"https:\/\/test1.xsights.co.uk\/wp-content\/uploads\/2023\/02\/balik_yagi_kullanimi_arastirma_sirketi_3.png\" alt=\"\" class=\"wp-image-4386\" srcset=\"https:\/\/www.xsights.co.uk\/wp-content\/uploads\/2023\/02\/balik_yagi_kullanimi_arastirma_sirketi_3.png 1025w, https:\/\/www.xsights.co.uk\/wp-content\/uploads\/2023\/02\/balik_yagi_kullanimi_arastirma_sirketi_3-300x124.png 300w, https:\/\/www.xsights.co.uk\/wp-content\/uploads\/2023\/02\/balik_yagi_kullanimi_arastirma_sirketi_3-768x316.png 768w\" sizes=\"(max-width: 1025px) 100vw, 1025px\" \/><\/figure>\n\n\n\n<p>Ara\u015ft\u0131rmaya g\u00f6re annelerin sadece y\u00fczde 15&#8217;i \u00e7ocuklar\u0131na bal\u0131k ya\u011f\u0131 kulland\u0131r\u0131yor. \u00c7ocuklar\u0131na bal\u0131k ya\u011f\u0131 kulland\u0131ran annelerin ise sadece y\u00fczde 45&#8217;i d\u00fczenli olarak kulland\u0131rmay\u0131 tercih ediyor. D\u00fczenli olmasa da ara s\u0131ra kulland\u0131ranlar\u0131n oran\u0131 ise y\u00fczde 39. Bu t\u00fcm \u015f\u0131klar i\u00e7erisinde en \u00e7ok tercih edileni.<\/p>\n\n\n\n<h3 class=\"wp-block-heading\"><br>Bal\u0131k ya\u011f\u0131n\u0131 \u00e7ocuklar\u0131n zihni g\u00fc\u00e7lensin diye kullan\u0131yorlar&nbsp;<\/h3>\n\n\n\n<p><br>Annelere \u00e7ocuklar\u0131na neden bal\u0131k ya\u011f\u0131 kulland\u0131klar\u0131 soruldu\u011funda ilk s\u0131rada y\u00fczde 27&#8217;lik bir oran ile &#8220;Zihinsel geli\u015fimini g\u00fc\u00e7lendirmesi i\u00e7in&#8221; yan\u0131t\u0131 \u00e7\u0131k\u0131yor. \u0130kinci s\u0131rada y\u00fczde 19 ile &#8220;i\u015ftah\u0131n\u0131 a\u00e7mas\u0131 ve beslenmesini takviye etmek i\u00e7in&#8221; se\u00e7ene\u011finin oldu\u011funu g\u00f6r\u00fcyoruz. &#8220;Ba\u011f\u0131\u015f\u0131kl\u0131k sistemini g\u00fc\u00e7lendirmek&#8221; de y\u00fczde 19 ile annelerin bal\u0131k ya\u011f\u0131n\u0131 \u00e7ocuklar\u0131nda kulland\u0131rma nedenlerinin ba\u015f\u0131nda geliyor.\u00a0<\/p>\n\n\n\n<figure class=\"wp-block-image size-full\"><img loading=\"lazy\" decoding=\"async\" width=\"1025\" height=\"352\" src=\"https:\/\/test1.xsights.co.uk\/wp-content\/uploads\/2023\/02\/balik_yagi_kullanimi_arastirma_sirketi_5.png\" alt=\"\" class=\"wp-image-4388\" srcset=\"https:\/\/www.xsights.co.uk\/wp-content\/uploads\/2023\/02\/balik_yagi_kullanimi_arastirma_sirketi_5.png 1025w, https:\/\/www.xsights.co.uk\/wp-content\/uploads\/2023\/02\/balik_yagi_kullanimi_arastirma_sirketi_5-300x103.png 300w, https:\/\/www.xsights.co.uk\/wp-content\/uploads\/2023\/02\/balik_yagi_kullanimi_arastirma_sirketi_5-768x264.png 768w\" sizes=\"(max-width: 1025px) 100vw, 1025px\" \/><\/figure>\n\n\n\n<p>Kulland\u0131klar\u0131 markay\u0131 neden tercih ediyorlar? \u00c7ocuklar\u0131na bal\u0131k ya\u011f\u0131 kulland\u0131ran annelerin marka tercihlerini ise y\u00fczde 30 gibi y\u00fcksek bir oranda &#8220;Doktor tavsiyesi&#8221; belirliyor. Marka tercihinde eczac\u0131 tavsiyesi (y\u00fczde 20) ikinci, yak\u0131n \u00e7evrenin tavsiyesi (y\u00fczde 18) \u00fc\u00e7\u00fcnc\u00fc s\u0131rada yer al\u0131yor.&nbsp;<br>&nbsp;<\/p>\n\n\n\n<p>Ara\u015ft\u0131rman\u0131n amac\u0131 &amp; metodolojisi<\/p>\n\n\n\n<p>Xsights Ara\u015ft\u0131rma ve Dan\u0131\u015fmanl\u0131k A.\u015e., OPENMEDIA i\u00e7in\u00a0 0-18 ya\u015f aras\u0131nda \u00e7ocu\u011fu olan annelerin \u00e7ocuklar\u0131 i\u00e7in bal\u0131kya\u011f\u0131 kullanma al\u0131\u015fkanl\u0131klar\u0131n\u0131 \u00a0\u00f6l\u00e7\u00fcmlemek amac\u0131yla \u00ab\u00c7ocuklarda Bal\u0131k Ya\u011f\u0131 Kullan\u0131m Al\u0131\u015fkanl\u0131klar\u0131 Ara\u015ft\u0131rmas\u0131\u00bbn\u0131 ger\u00e7ekle\u015ftirmi\u015ftir. Ara\u015ft\u0131rma; 13 Aral\u0131k 2017 \u2013 8 Ocak 2018 tarihleri aras\u0131nda,\u00a0 IBBS 2 kapsam\u0131nda yer alan 26 istatistiksel b\u00f6lge biriminde ikamet eden 750 kad\u0131n kat\u0131l\u0131mc\u0131yla CATI (Bilgisayar Destekli Telefon G\u00f6r\u00fc\u015fmesi) y\u00f6ntemiyle ger\u00e7ekle\u015ftirilmi\u015ftir. Bu raporda kantitatif ara\u015ft\u0131rma sonucu elde edilen bulgular sunulmu\u015ftur.<\/p>\n\n\n\n<p><\/p>\n","protected":false},"excerpt":{"rendered":"<p>Parents Dergisi&#8217;nin, Xsights Ara\u015ft\u0131rma ile yapt\u0131\u011f\u0131 \u00e7al\u0131\u015fmaya g\u00f6re annelerin sadece y\u00fczde 15&#8217;i \u00e7ocuklar\u0131nda bal\u0131k ya\u011f\u0131 kullan\u0131yor. Kullananlar\u0131n ise sadece y\u00fczde 45&#8217;i d\u00fczenli kullan\u0131yor. Parents dergisi i\u00e7in yapt\u0131\u011f\u0131m\u0131z ara\u015ft\u0131rmalardan ilki &#8220;\u00c7ocuklarda bal\u0131k ya\u011f\u0131n\u0131 neden ve nas\u0131l kullan\u0131yoruz?&#8221; ba\u015fl\u0131\u011f\u0131 ile derginin \u015eubat say\u0131s\u0131nda yay\u0131mland\u0131. \u00c7al\u0131\u015fan anne daha \u00e7ok tercih ediyor Ara\u015ft\u0131rmaya kat\u0131lan \u00e7al\u0131\u015fan annelerin oran\u0131 y\u00fczde 28 [&hellip;]<\/p>\n","protected":false},"author":5,"featured_media":2696,"comment_status":"open","ping_status":"open","sticky":false,"template":"","format":"standard","meta":{"_acf_changed":false,"footnotes":""},"categories":[133],"tags":[],"class_list":["post-4381","post","type-post","status-publish","format-standard","has-post-thumbnail","hentry","category-one-cikanlar"],"acf":[],"_links":{"self":[{"href":"https:\/\/www.xsights.co.uk\/tr\/wp-json\/wp\/v2\/posts\/4381","targetHints":{"allow":["GET"]}}],"collection":[{"href":"https:\/\/www.xsights.co.uk\/tr\/wp-json\/wp\/v2\/posts"}],"about":[{"href":"https:\/\/www.xsights.co.uk\/tr\/wp-json\/wp\/v2\/types\/post"}],"author":[{"embeddable":true,"href":"https:\/\/www.xsights.co.uk\/tr\/wp-json\/wp\/v2\/users\/5"}],"replies":[{"embeddable":true,"href":"https:\/\/www.xsights.co.uk\/tr\/wp-json\/wp\/v2\/comments?post=4381"}],"version-history":[{"count":0,"href":"https:\/\/www.xsights.co.uk\/tr\/wp-json\/wp\/v2\/posts\/4381\/revisions"}],"wp:featuredmedia":[{"embeddable":true,"href":"https:\/\/www.xsights.co.uk\/tr\/wp-json\/wp\/v2\/media\/2696"}],"wp:attachment":[{"href":"https:\/\/www.xsights.co.uk\/tr\/wp-json\/wp\/v2\/media?parent=4381"}],"wp:term":[{"taxonomy":"category","embeddable":true,"href":"https:\/\/www.xsights.co.uk\/tr\/wp-json\/wp\/v2\/categories?post=4381"},{"taxonomy":"post_tag","embeddable":true,"href":"https:\/\/www.xsights.co.uk\/tr\/wp-json\/wp\/v2\/tags?post=4381"}],"curies":[{"name":"wp","href":"https:\/\/api.w.org\/{rel}","templated":true}]}}