{"id":4391,"date":"2018-03-05T22:55:37","date_gmt":"2018-03-05T19:55:37","guid":{"rendered":"https:\/\/test1.xsights.co.uk\/?p=4391"},"modified":"2023-04-27T13:44:34","modified_gmt":"2023-04-27T10:44:34","slug":"vatandasin-ilk-sorunu-ekonomi-ikincisi-pkk","status":"publish","type":"post","link":"https:\/\/www.xsights.co.uk\/tr\/vatandasin-ilk-sorunu-ekonomi-ikincisi-pkk\/","title":{"rendered":"Vatanda\u015f\u0131n ilk sorunu ekonomi, ikincisi PKK"},"content":{"rendered":"\n<p>Xsights&#8217;\u0131n D\u00fcnya Gazetesi i\u00e7in \u00e7eyreksel bazda ger\u00e7ekle\u015ftirdi\u011fi &#8216;Toplumsal Nab\u0131z Ara\u015ft\u0131rmas\u0131&#8217;n\u0131n d\u00f6rd\u00fcnc\u00fcs\u00fc yay\u0131mland\u0131.<\/p>\n\n\n\n<p>T\u00fcrkiye&#8217;nin 26 kentinden 1500 ki\u015fiye sorduk, vatanda\u015f T\u00fcrkiye&#8217;nin en b\u00fcy\u00fck meselesinin &#8220;ekonomik sorunlar&#8221; oldu\u011funu d\u00fc\u015f\u00fcn\u00fcyor. Ancak<a href=\"https:\/\/www.xsights.co.uk\/tr\/tum-sorunlarim-bir-yana-ekonomi-bir-yana-7610\/\"> bir \u00f6nceki \u00e7eyere\u011fe g\u00f6re<\/a> ikinci s\u0131radaki yerini koruyan &#8220;PKK sorunu&#8221; 12 puan art\u0131\u015fta.<\/p>\n\n\n\n<figure class=\"wp-block-image size-full\"><img fetchpriority=\"high\" decoding=\"async\" width=\"571\" height=\"714\" src=\"https:\/\/test1.xsights.co.uk\/wp-content\/uploads\/2023\/02\/dunya_2.png\" alt=\"\" class=\"wp-image-4392\" srcset=\"https:\/\/www.xsights.co.uk\/wp-content\/uploads\/2023\/02\/dunya_2.png 571w, https:\/\/www.xsights.co.uk\/wp-content\/uploads\/2023\/02\/dunya_2-240x300.png 240w\" sizes=\"(max-width: 571px) 100vw, 571px\" \/><\/figure>\n\n\n\n<p>Xsights Ara\u015ft\u0131rma&#8217;n\u0131n D\u00fcnya Gazetesi i\u00e7in \u00e7eyreksel basda d\u00fczenledi\u011fi &#8220;Toplumsal Nab\u0131z Anketi&#8221;nin 2017 y\u0131l\u0131n\u0131 kapsayan son \u00e7eyrek anketi sonu\u00e7land\u0131. Vatanda\u015f 2017 y\u0131l\u0131 i\u00e7inde &#8220;ekonomik sorunlar&#8221;\u0131n T\u00fcrkiye&#8217;nin en \u00f6nemli meselesi oldu\u011funu d\u00fc\u015f\u00fcn\u00fcyor. \u0130lk \u00e7eyrekte, \u00e7oklu cevap verilen bu soruda &#8220;ekonomik sorunlar&#8221; y\u00fczde 39 ile \u00fc\u00e7\u00fcnc\u00fc b\u00fcy\u00fck sorundu. \u0130lk \u00e7eyrekten son \u00e7eyre\u011fe 15 puan artarak ekonomik sorunlar vatanda\u015f\u0131n ilk sorunu haline geldi.<\/p>\n\n\n\n<p>Dikkat \u00e7ekici bir art\u0131\u015f da PKK sorununda. \u0130lk \u00e7eyrekte vatanda\u015f sadece &#8220;g\u00fcvenlik&#8221; endi\u015fesinden bahsederken, ikinci \u00e7eyrekten itibaren sorun &#8220;PKK&#8221; olarak tan\u0131mland\u0131. \u0130kinci \u00e7eyrekte y\u00fczde 37, \u00fc\u00e7\u00fcnc\u00fc \u00e7eyrekte y\u00fczde 34 ve son \u00e7eyrekte de y\u00fczde 45 olarak sorun dile getirildi.<\/p>\n\n\n\n<h3 class=\"wp-block-heading\">Her d\u00f6rt ki\u015fiden sadece biri erken se\u00e7in bekliyor<\/h3>\n\n\n\n<p>2018 y\u0131l\u0131nda bir erken se\u00e7im bekliyor musunuz? sorusuna ise kat\u0131l\u0131mc\u0131lar\u0131n sadece d\u00f6rtte biri &#8216;evet&#8217; dedi. Evet diyenler i\u00e7inde erken bir genel se\u00e7im beklendi\u011fini s\u00f6yleyen y\u00fczde 11. \u00d6zetle hem erken yerel hem erken genel se\u00e7im yap\u0131laca\u011f\u0131n\u0131 d\u00fc\u015f\u00fcnenler y\u00fczde 4. Se\u00e7im pazarl\u0131klar\u0131n\u0131n yap\u0131ld\u0131\u011f\u0131 \u015fu g\u00fcnlerde beklenti d\u0131\u015f\u0131nda bir s\u00fcre\u00e7 ger\u00e7ekle\u015fmesinin m\u00fcmk\u00fcn oldu\u011fu g\u00f6z\u00fck\u00fcyor.<\/p>\n\n\n\n<figure class=\"wp-block-image size-full\"><img decoding=\"async\" width=\"1018\" height=\"564\" src=\"https:\/\/test1.xsights.co.uk\/wp-content\/uploads\/2023\/02\/dunya_4a.jpg\" alt=\"\" class=\"wp-image-4394\" srcset=\"https:\/\/www.xsights.co.uk\/wp-content\/uploads\/2023\/02\/dunya_4a.jpg 1018w, https:\/\/www.xsights.co.uk\/wp-content\/uploads\/2023\/02\/dunya_4a-300x166.jpg 300w, https:\/\/www.xsights.co.uk\/wp-content\/uploads\/2023\/02\/dunya_4a-768x425.jpg 768w\" sizes=\"(max-width: 1018px) 100vw, 1018px\" \/><\/figure>\n\n\n\n<p>Yar\u0131n: Vatanda\u015f hangi devlet hizmetinden daha memnun.<\/p>\n\n\n\n<p>Haz\u0131rlayan: Handan Sema Ceylan<\/p>\n","protected":false},"excerpt":{"rendered":"<p>Xsights&#8217;\u0131n D\u00fcnya Gazetesi i\u00e7in \u00e7eyreksel bazda ger\u00e7ekle\u015ftirdi\u011fi &#8216;Toplumsal Nab\u0131z Ara\u015ft\u0131rmas\u0131&#8217;n\u0131n d\u00f6rd\u00fcnc\u00fcs\u00fc yay\u0131mland\u0131. T\u00fcrkiye&#8217;nin 26 kentinden 1500 ki\u015fiye sorduk, vatanda\u015f T\u00fcrkiye&#8217;nin en b\u00fcy\u00fck meselesinin &#8220;ekonomik sorunlar&#8221; oldu\u011funu d\u00fc\u015f\u00fcn\u00fcyor. Ancak bir \u00f6nceki \u00e7eyere\u011fe g\u00f6re ikinci s\u0131radaki yerini koruyan &#8220;PKK sorunu&#8221; 12 puan art\u0131\u015fta. Xsights Ara\u015ft\u0131rma&#8217;n\u0131n D\u00fcnya Gazetesi i\u00e7in \u00e7eyreksel basda d\u00fczenledi\u011fi &#8220;Toplumsal Nab\u0131z Anketi&#8221;nin 2017 y\u0131l\u0131n\u0131 kapsayan [&hellip;]<\/p>\n","protected":false},"author":3,"featured_media":2696,"comment_status":"open","ping_status":"open","sticky":false,"template":"","format":"standard","meta":{"_acf_changed":false,"footnotes":""},"categories":[133],"tags":[],"class_list":["post-4391","post","type-post","status-publish","format-standard","has-post-thumbnail","hentry","category-one-cikanlar"],"acf":[],"_links":{"self":[{"href":"https:\/\/www.xsights.co.uk\/tr\/wp-json\/wp\/v2\/posts\/4391","targetHints":{"allow":["GET"]}}],"collection":[{"href":"https:\/\/www.xsights.co.uk\/tr\/wp-json\/wp\/v2\/posts"}],"about":[{"href":"https:\/\/www.xsights.co.uk\/tr\/wp-json\/wp\/v2\/types\/post"}],"author":[{"embeddable":true,"href":"https:\/\/www.xsights.co.uk\/tr\/wp-json\/wp\/v2\/users\/3"}],"replies":[{"embeddable":true,"href":"https:\/\/www.xsights.co.uk\/tr\/wp-json\/wp\/v2\/comments?post=4391"}],"version-history":[{"count":0,"href":"https:\/\/www.xsights.co.uk\/tr\/wp-json\/wp\/v2\/posts\/4391\/revisions"}],"wp:featuredmedia":[{"embeddable":true,"href":"https:\/\/www.xsights.co.uk\/tr\/wp-json\/wp\/v2\/media\/2696"}],"wp:attachment":[{"href":"https:\/\/www.xsights.co.uk\/tr\/wp-json\/wp\/v2\/media?parent=4391"}],"wp:term":[{"taxonomy":"category","embeddable":true,"href":"https:\/\/www.xsights.co.uk\/tr\/wp-json\/wp\/v2\/categories?post=4391"},{"taxonomy":"post_tag","embeddable":true,"href":"https:\/\/www.xsights.co.uk\/tr\/wp-json\/wp\/v2\/tags?post=4391"}],"curies":[{"name":"wp","href":"https:\/\/api.w.org\/{rel}","templated":true}]}}