{"id":4593,"date":"2018-08-17T11:18:26","date_gmt":"2018-08-17T08:18:26","guid":{"rendered":"https:\/\/test1.xsights.co.uk\/?p=4593"},"modified":"2023-04-27T10:59:43","modified_gmt":"2023-04-27T07:59:43","slug":"demir-celik-sanayisi","status":"publish","type":"post","link":"https:\/\/www.xsights.co.uk\/tr\/demir-celik-sanayisi\/","title":{"rendered":"Demir \u00e7elik sanayisi"},"content":{"rendered":"\n<p>D\u00fcnya Gazetesi i\u00e7in haz\u0131rlad\u0131\u011f\u0131m\u0131z Toplumsal Check-up dosyas\u0131n\u0131n bu haftaki konusu &#8220;Demir \u00c7elik Sanayisi&#8221;<\/p>\n\n\n\n<p>ABD ile ya\u015fanan krizin ard\u0131ndan d\u00f6vizdeki hareketlilik t\u00fcm sekt\u00f6rleri etkiliyor. Demir \u00e7elik sanayisinde g\u00f6zlenen geli\u015fmeler ile kalk\u0131nma s\u00fcreci aras\u0131ndaki ili\u015fki incelendi\u011finde ekonominin demir \u00e7elikle ilgili alt sekt\u00f6rlerinin geli\u015fiminde demir \u00e7elik \u00fcr\u00fcnleri \u00f6nemli bir rol oynamaktad\u0131r.<\/p>\n\n\n\n<figure class=\"wp-block-image size-full\"><img fetchpriority=\"high\" decoding=\"async\" width=\"945\" height=\"945\" src=\"https:\/\/test1.xsights.co.uk\/wp-content\/uploads\/2023\/02\/d1.png\" alt=\"\" class=\"wp-image-4594\" srcset=\"https:\/\/www.xsights.co.uk\/wp-content\/uploads\/2023\/02\/d1.png 945w, https:\/\/www.xsights.co.uk\/wp-content\/uploads\/2023\/02\/d1-300x300.png 300w, https:\/\/www.xsights.co.uk\/wp-content\/uploads\/2023\/02\/d1-150x150.png 150w, https:\/\/www.xsights.co.uk\/wp-content\/uploads\/2023\/02\/d1-768x768.png 768w\" sizes=\"(max-width: 945px) 100vw, 945px\" \/><\/figure>\n\n\n\n<p>Xsights Ara\u015ft\u0131rma\u2019n\u0131n yapt\u0131\u011f\u0131 masa ba\u015f\u0131 ara\u015ft\u0131rmaya g\u00f6re, d\u00fcnya ham \u00e7elik \u00fcretimi 2018 Haziran ay\u0131nda 2017 Haziran ay\u0131na g\u00f6re %5,8\u2019l\u0131k art\u0131\u015fla 151 milyon 4 bin ton seviyesinde ger\u00e7ekle\u015fti. (worldsteel). \u00c7in d\u00fcnyada ham \u00e7elik \u00fcretiminde 80 milyon 196 bin tonluk \u00fcretimi ile lider durumda. T\u00fcrkiye ise 3 milyon 43 bin ton ile 8. s\u0131rada yer al\u0131yor. ABD\u2019ye bakt\u0131\u011f\u0131m\u0131zda ise 6 milyon 847 bin ton ile 4. s\u0131rada bulunuyor.<\/p>\n\n\n\n<figure class=\"wp-block-image size-full\"><img decoding=\"async\" width=\"945\" height=\"945\" src=\"https:\/\/test1.xsights.co.uk\/wp-content\/uploads\/2023\/02\/d2.png\" alt=\"\" class=\"wp-image-4596\" srcset=\"https:\/\/www.xsights.co.uk\/wp-content\/uploads\/2023\/02\/d2.png 945w, https:\/\/www.xsights.co.uk\/wp-content\/uploads\/2023\/02\/d2-300x300.png 300w, https:\/\/www.xsights.co.uk\/wp-content\/uploads\/2023\/02\/d2-150x150.png 150w, https:\/\/www.xsights.co.uk\/wp-content\/uploads\/2023\/02\/d2-768x768.png 768w\" sizes=\"(max-width: 945px) 100vw, 945px\" \/><\/figure>\n\n\n\n<p>ABD demir \u00e7elik ihracat\u0131 ger\u00e7ekle\u015ftirdi\u011fimiz en \u00f6nemli \u00fclkelerden birisi. T\u00dc\u0130K\u2019in 2017 verilerine g\u00f6re demir-\u00e7elik ihracat\u0131m\u0131zda ABD %8,6 ile birinci s\u0131rada yer al\u0131yor. Ya\u015fanan krizle birlikte getirilen vergilerden dolay\u0131 2018 y\u0131l\u0131nda ABD\u2019ye yap\u0131lan demir \u00e7elik ihracat\u0131n\u0131n d\u00fc\u015fmesi \u00f6ng\u00f6r\u00fclmektedir. \u0130thalata bakt\u0131\u011f\u0131m\u0131zda ise T\u00dc\u0130K verilerine g\u00f6re 2017 y\u0131l\u0131nda en \u00e7ok demir-\u00e7elik ithalat\u0131n\u0131 Rusya\u2019dan ger\u00e7ekle\u015ftirmekteyiz.<\/p>\n\n\n\n<p>T\u00fcrk d\u00f6k\u00fcm \u00e7elik sekt\u00f6r\u00fcn\u00fcn gerek Avrupa\u2019da gerekse D\u00fcnya\u2019da \u00f6nemli bir yeri olmakla birlikte, 2023 T\u00fcrkiye \u0130hracat Stratejisi kapsam\u0131nda hedef olarak 500 milyar dolar ihracat belirlenmi\u015f olup, \u00e7elik sekt\u00f6r\u00fcn\u00fcn 55 milyar dolar ile %11\u2019lik bir paya sahip olmas\u0131 beklenmektedir.<\/p>\n","protected":false},"excerpt":{"rendered":"<p>D\u00fcnya Gazetesi i\u00e7in haz\u0131rlad\u0131\u011f\u0131m\u0131z Toplumsal Check-up dosyas\u0131n\u0131n bu haftaki konusu &#8220;Demir \u00c7elik Sanayisi&#8221; ABD ile ya\u015fanan krizin ard\u0131ndan d\u00f6vizdeki hareketlilik t\u00fcm sekt\u00f6rleri etkiliyor. Demir \u00e7elik sanayisinde g\u00f6zlenen geli\u015fmeler ile kalk\u0131nma s\u00fcreci aras\u0131ndaki ili\u015fki incelendi\u011finde ekonominin demir \u00e7elikle ilgili alt sekt\u00f6rlerinin geli\u015fiminde demir \u00e7elik \u00fcr\u00fcnleri \u00f6nemli bir rol oynamaktad\u0131r. Xsights Ara\u015ft\u0131rma\u2019n\u0131n yapt\u0131\u011f\u0131 masa ba\u015f\u0131 ara\u015ft\u0131rmaya g\u00f6re, [&hellip;]<\/p>\n","protected":false},"author":5,"featured_media":2696,"comment_status":"open","ping_status":"open","sticky":false,"template":"","format":"standard","meta":{"_acf_changed":false,"footnotes":""},"categories":[133],"tags":[],"class_list":["post-4593","post","type-post","status-publish","format-standard","has-post-thumbnail","hentry","category-one-cikanlar"],"acf":[],"_links":{"self":[{"href":"https:\/\/www.xsights.co.uk\/tr\/wp-json\/wp\/v2\/posts\/4593","targetHints":{"allow":["GET"]}}],"collection":[{"href":"https:\/\/www.xsights.co.uk\/tr\/wp-json\/wp\/v2\/posts"}],"about":[{"href":"https:\/\/www.xsights.co.uk\/tr\/wp-json\/wp\/v2\/types\/post"}],"author":[{"embeddable":true,"href":"https:\/\/www.xsights.co.uk\/tr\/wp-json\/wp\/v2\/users\/5"}],"replies":[{"embeddable":true,"href":"https:\/\/www.xsights.co.uk\/tr\/wp-json\/wp\/v2\/comments?post=4593"}],"version-history":[{"count":0,"href":"https:\/\/www.xsights.co.uk\/tr\/wp-json\/wp\/v2\/posts\/4593\/revisions"}],"wp:featuredmedia":[{"embeddable":true,"href":"https:\/\/www.xsights.co.uk\/tr\/wp-json\/wp\/v2\/media\/2696"}],"wp:attachment":[{"href":"https:\/\/www.xsights.co.uk\/tr\/wp-json\/wp\/v2\/media?parent=4593"}],"wp:term":[{"taxonomy":"category","embeddable":true,"href":"https:\/\/www.xsights.co.uk\/tr\/wp-json\/wp\/v2\/categories?post=4593"},{"taxonomy":"post_tag","embeddable":true,"href":"https:\/\/www.xsights.co.uk\/tr\/wp-json\/wp\/v2\/tags?post=4593"}],"curies":[{"name":"wp","href":"https:\/\/api.w.org\/{rel}","templated":true}]}}