{"id":4620,"date":"2018-09-28T11:22:12","date_gmt":"2018-09-28T08:22:12","guid":{"rendered":"https:\/\/test1.xsights.co.uk\/?p=4620"},"modified":"2023-04-27T10:58:43","modified_gmt":"2023-04-27T07:58:43","slug":"siz-ve-bebeginiz-icin-tercih-degil-yasam-bicimi","status":"publish","type":"post","link":"https:\/\/www.xsights.co.uk\/tr\/siz-ve-bebeginiz-icin-tercih-degil-yasam-bicimi\/","title":{"rendered":"Siz ve bebe\u011finiz i\u00e7in tercih de\u011fil ya\u015fam bi\u00e7imi"},"content":{"rendered":"\n<p>G\u00fczelle\u015fmek ve bak\u0131m ama\u00e7l\u0131 kulland\u0131\u011f\u0131m\u0131z kozmetik \u00fcr\u00fcnlerin i\u00e7erisinde sa\u011fl\u0131m\u0131z\u0131 tehdit edecek \u00f6l\u00e7\u00fcde zararl\u0131 kimyasal i\u00e7erdi\u011fini biliyoruz. Peki ya bebeklerimiz i\u00e7in sat\u0131n ald\u0131\u011f\u0131m\u0131z ve kulland\u0131\u011f\u0131m\u0131z bebek bak\u0131m \u00fcr\u00fcnleri i\u00e7erisinde de bu maddelerin varl\u0131\u011f\u0131ndan haberdar m\u0131y\u0131z? Sat\u0131n al\u0131rken \u00fcr\u00fcnlerin i\u00e7indekiler etiketine bak\u0131yor muyuz?<\/p>\n\n\n\n<figure class=\"wp-block-image size-full\"><img fetchpriority=\"high\" decoding=\"async\" width=\"426\" height=\"414\" src=\"https:\/\/test1.xsights.co.uk\/wp-content\/uploads\/2023\/02\/image-8.png\" alt=\"\" class=\"wp-image-4621\" srcset=\"https:\/\/www.xsights.co.uk\/wp-content\/uploads\/2023\/02\/image-8.png 426w, https:\/\/www.xsights.co.uk\/wp-content\/uploads\/2023\/02\/image-8-300x292.png 300w\" sizes=\"(max-width: 426px) 100vw, 426px\" \/><\/figure>\n\n\n\n<p>Bebekler yeti\u015fkinlere oranla daha ince bir cilde sahip. Derilerinin en d\u0131\u015f tabakas\u0131nda koruyuculu\u011fu sa\u011flayan ya\u011f ve salg\u0131lar yeterince yok. Bu bak\u0131mdan g\u00fcnl\u00fck bak\u0131m ve hijyen ama\u00e7l\u0131 kullan\u0131lan \u00fcr\u00fcnlerin, bebeklerin hassas cildi ile uyumlu, saf ve do\u011fal \u00fcr\u00fcnler olmas\u0131 gerekir. Bebek bak\u0131m \u00fcr\u00fcnlerinde yer alan zararl\u0131 kimyasallar; ciltte alerjik tepkilere, k\u0131zar\u0131kl\u0131\u011fa, pi\u015fi\u011fe ve mikrobik hastal\u0131klara yol a\u00e7abiliyor. Bebekler i\u00e7in g\u00fcne\u015f, v\u00fccut, y\u00fcz ve pi\u015fik kremi, bebek ya\u011f\u0131 ve pudra gibi \u00e7e\u015fitli bak\u0131m \u00fcr\u00fcnleri \u00fcretilmekte ve sat\u0131n al\u0131nmaktad\u0131r. Bebekleri kimyasallardan koruman\u0131n yolu ise bak\u0131m \u00fcr\u00fcnlerinin i\u00e7eri\u011fini dikkatle ara\u015ft\u0131r\u0131p incelemekten ge\u00e7iyor. &nbsp;&nbsp;<\/p>\n\n\n\n<figure class=\"wp-block-image size-full\"><img decoding=\"async\" width=\"196\" height=\"189\" src=\"https:\/\/test1.xsights.co.uk\/wp-content\/uploads\/2023\/02\/image-9.png\" alt=\"\" class=\"wp-image-4623\"\/><\/figure>\n\n\n\n<blockquote class=\"wp-block-quote is-layout-flow wp-block-quote-is-layout-flow\">\n<p>Do\u011fumdan sonraki ilk d\u00f6rt hafta bebeklerin cildinde bebe\u011fi kuruluktan, su ve \u0131s\u0131 kayb\u0131ndan koruyan ayr\u0131ca mikroplara kar\u015f\u0131 da bariyer olu\u015fturan, \u00f6rt\u00fc \u015feklinde bir ya\u011f tabakas\u0131 bulunur. Kendili\u011finden bir hafta i\u00e7inde kaybolacak olan bu tabaka, tamamen temizlemeye \u00e7al\u0131\u015f\u0131lmamal\u0131 ve nazik\u00e7e silinmelidir. Yeni do\u011fan bebekler \u0131l\u0131k su ile her g\u00fcn y\u0131kanabilir, \u00f6zellikle ak\u015fama do\u011fru bir banyo bebe\u011fi rahatlat\u0131r. Bebekler \u0131l\u0131k su d\u00f6k\u00fclerek veya hafif \u0131l\u0131k du\u015f tutularak h\u0131zl\u0131ca y\u0131kanmal\u0131d\u0131r. Banyo sonras\u0131 yumu\u015fak bir havluyla nazik\u00e7e kurulay\u0131p bebek nemlendiricileri s\u00fcrerek nemlenme sa\u011flanmal\u0131d\u0131r.&nbsp;<\/p>\n\n\n\n<p>Prof. Dr. Ertu\u011frul Aydemir<\/p>\n<\/blockquote>\n\n\n\n<p>Haziran 2018\u2019de Xsights Ara\u015ft\u0131rma ve Dan\u0131\u015fmanl\u0131k A.\u015e taraf\u0131ndan, Parents dergisi i\u00e7in haz\u0131rlanan 0-4 ya\u015f bebe\u011fi olan 200 kad\u0131n ebeveyn ile yap\u0131lan ara\u015ft\u0131rman\u0131n sonu\u00e7lar\u0131n\u0131 inceledi\u011fimizde; Ebeveynlerin, bebekleri i\u00e7in sat\u0131n ald\u0131klar\u0131 cilt bak\u0131m \u00fcr\u00fcnlerine bak\u0131ld\u0131\u011f\u0131 zaman %71 ile Pi\u015fik Kreminin ilk s\u0131rada yer ald\u0131\u011f\u0131n\u0131, ikinci s\u0131rada %60 ile Bebek Ya\u011f\u0131n\u0131n tercih edildi\u011fi belirtilmi\u015ftir. En az tercih edilen bak\u0131m \u00fcr\u00fcn\u00fc %25 ile Y\u00fcz Kremi oldu. Kullan\u0131lan \u00fcr\u00fcnlerin farkl\u0131l\u0131\u011f\u0131 ile kullanma s\u0131kl\u0131\u011f\u0131 aras\u0131nda de\u011fi\u015fim g\u00f6r\u00fclmektedir. Ebeveynlere, ara\u015ft\u0131rmada belirttikleri bebek bak\u0131m \u00fcr\u00fcnlerini ne s\u0131kl\u0131kla kulland\u0131klar\u0131 soruldu\u011fu zaman \u2018\u2019D\u00fczenli olarak her zaman\u2019\u2019 kullan\u0131lan bebek cilt bak\u0131m \u00fcr\u00fcnlerinde; y\u00fcz kremi (65%) ve v\u00fccut kremi (64%) oranlar\u0131 birbirlerine yak\u0131n iken, g\u00fcne\u015f kreminin kullan\u0131m\u0131 sadece yaz d\u00f6nemlerinde yo\u011funluk kazand\u0131\u011f\u0131 g\u00f6r\u00fclmektedir (75%).<\/p>\n\n\n\n<figure class=\"wp-block-image size-full\"><img decoding=\"async\" width=\"717\" height=\"454\" src=\"https:\/\/test1.xsights.co.uk\/wp-content\/uploads\/2023\/02\/image-10.png\" alt=\"\" class=\"wp-image-4625\" srcset=\"https:\/\/www.xsights.co.uk\/wp-content\/uploads\/2023\/02\/image-10.png 717w, https:\/\/www.xsights.co.uk\/wp-content\/uploads\/2023\/02\/image-10-300x190.png 300w\" sizes=\"(max-width: 717px) 100vw, 717px\" \/><\/figure>\n\n\n\n<p><em><strong>Ebeveynlerin bebekleri i\u00e7in sat\u0131n ald\u0131klar\u0131 cilt bak\u0131m \u00fcr\u00fcnlerinin kullan\u0131m s\u0131kl\u0131\u011f\u0131na bakt\u0131\u011f\u0131m\u0131zda, annelerin en az yar\u0131s\u0131n\u0131n \u00fcr\u00fcnleri \u2018 d\u00fczenli olarak \u2018 kulland\u0131klar\u0131 g\u00f6zlemlenmektedir. Annelerin % 75 \u2018 i yaz d\u00f6neminde d\u00fczenli olarak g\u00fcne\u015f kremi kulland\u0131klar\u0131n\u0131 s\u00f6ylemektedir.<\/strong><\/em><\/p>\n\n\n\n<p>Kat\u0131l\u0131mc\u0131 Ebeveynlerin, bebek cilt bak\u0131m \u00fcr\u00fcnlerini sat\u0131n alma durumlar\u0131na etki eden tavsiyelere bakt\u0131\u011f\u0131m\u0131zda; Y\u00fcz Kremi i\u00e7in %89 ile \u2018\u2019Doktor Tavsiyesi\u2019\u2019 \u00f6n plana \u00e7\u0131karken, %75 ile Pudra \u00fcr\u00fcn\u00fc i\u00e7in \u2018\u2019Yak\u0131n Arkada\u015flar\u0131m \/ Yak\u0131n \u00c7evremin Tavsiyeleri\u2019\u2019 dikkat \u00e7ekmektedir. Sosyal Medyan\u0131n ve di\u011fer ileti\u015fim ara\u00e7lar\u0131ndaki reklamlar\u0131n tavsiye etme oran\u0131na etkisinin d\u00fc\u015f\u00fck oldu\u011fu g\u00f6r\u00fclmektedir. (\u015eekil A)<\/p>\n\n\n\n<figure class=\"wp-block-image size-full\"><img loading=\"lazy\" decoding=\"async\" width=\"196\" height=\"198\" src=\"https:\/\/test1.xsights.co.uk\/wp-content\/uploads\/2023\/02\/image-11.png\" alt=\"\" class=\"wp-image-4627\"\/><\/figure>\n\n\n\n<blockquote class=\"wp-block-quote is-layout-flow wp-block-quote-is-layout-flow\">\n<p>\u2018\u2019G\u00fcne\u015f&nbsp;giren eve doktor girmez\u2019\u2019 s\u00f6z\u00fc ile b\u00fcy\u00fcm\u00fc\u015f nesiller olmam\u0131za ra\u011fmen maalesef son d\u00f6nemde&nbsp;g\u00fcne\u015fte kalmak o denli zararl\u0131 bir \u015fey olarak g\u00f6sterilmi\u015ftir ki neredeyse insanlara evde otururken bile&nbsp;g\u00fcne\u015f&nbsp;kremi&nbsp;kulland\u0131r\u0131lacak. Oysa \u00fczerinde hi\u00e7 durulmayan yada \u00f6zellikle konu\u015fulmayan iki konu var. Y\u00fcksek koruyucu fakt\u00f6r i\u00e7eren&nbsp;g\u00fcne\u015f&nbsp;kremlerini kulland\u0131\u011f\u0131m\u0131z zaman v\u00fccut D vitaminini yeterince sentezleyemiyor.&nbsp; Oysa \u00e7ok iyi biliyoruz ki bir\u00e7ok \u00e7al\u0131\u015fmada kanda D vitamini seviyesi y\u00fcksek olanlarda, d\u00fc\u015f\u00fck olanlara k\u0131yasla kal\u0131n ba\u011f\u0131rsak kanseri riski anlaml\u0131 derecede d\u00fc\u015f\u00fck bulunmu\u015ftur. Kolon ve prostat kanseri haricinde D vitamini eksikli\u011fi depresyon, yayg\u0131n v\u00fccut a\u011fr\u0131lar\u0131 ve kalp hastal\u0131klar\u0131na yol a\u00e7maktad\u0131r. \u00d6zellikle esmer tenlilerde yeterli D vitamini sentezlenmesi i\u00e7in daha uzun&nbsp;g\u00fcne\u015fte kalmak gerekti\u011fi d\u00fc\u015f\u00fcn\u00fcl\u00fcrse&nbsp;g\u00fcne\u015flenme esnas\u0131nda s\u00fcrekli&nbsp;g\u00fcne\u015f&nbsp;koruyucu kullanmak D vitamini sentezini azaltarak kanser riskini artt\u0131rabilir.&nbsp; Korkmay\u0131n, yaz aylar\u0131nda saat 09.00-11.00 aras\u0131nda yada 16.00 dan sonra a\u00e7\u0131k tenli ki\u015filer ilk iki g\u00fcn 10 dakika daha sonraki g\u00fcnler 20 dakika , esmer tenliler ilk iki g\u00fcn 20 dakika daha sonraki g\u00fcnler 30-40 dakika hi\u00e7&nbsp;g\u00fcne\u015f&nbsp;koruyucu kullanmadan&nbsp;g\u00fcne\u015flenebilirler ve bu s\u00fcre v\u00fccudun D vitamini sentezlemesi i\u00e7in yeterli bir s\u00fcredir. Bu s\u00fcrelere dikkat edilirse cilt kanseri riski d\u00fc\u015f\u00fck oldu\u011fu gibi D vitaminin kansere kar\u015f\u0131 koruyucu \u00f6zellikleri dolay\u0131s\u0131yla tam tersine \u00e7ok faydal\u0131d\u0131r.<\/p>\n\n\n\n<p>Okan \u00dcniversitesi Hastanesi Ba\u015fhekimi Onkolog&nbsp;Tayfun Hanc\u0131lar<\/p>\n<\/blockquote>\n\n\n\n<p><strong>\u2018\u2019\u00c7o\u011fu ebeveyn \u00e7ocuklar\u0131na kimyasal i\u00e7ermeyen \u00fcr\u00fcnler al\u0131yor.\u2019\u2019<\/strong><\/p>\n\n\n\n<p>Kulland\u0131\u011f\u0131m\u0131z cilt bak\u0131m \u00fcr\u00fcnleri derimiz taraf\u0131ndan emiliyor. Dolay\u0131s\u0131yla \u00e7ocuklar i\u00e7in bak\u0131m \u00fcr\u00fcn\u00fc se\u00e7imi yaparken dikkatli olmak gerekiyor. Temizlik ve bak\u0131m i\u00e7in kulland\u0131\u011f\u0131m\u0131z olmazsa olmaz \u00fcr\u00fcnler, i\u00e7lerinde bar\u0131nd\u0131rd\u0131klar\u0131 maddelerden dolay\u0131, v\u00fccuttaki toksinlerle alerjik reaksiyona giriyorlar. \u0130\u00e7lerinde sentetik ve kimyasallar\u0131n da bulundu\u011fu h\u0131zl\u0131 t\u00fcketim \u00fcr\u00fcnleri, \u00e7ocuklar ve yeti\u015fkinler a\u00e7\u0131s\u0131ndan elveri\u015fli de\u011fil.<\/p>\n\n\n\n<p><strong>\u2018\u2019Peki cilt bak\u0131m \u00fcr\u00fcnleri i\u00e7erisinde ne t\u00fcr zararl\u0131 maddeler bulunmakta?\u2019\u2019<\/strong><\/p>\n\n\n\n<h3 class=\"wp-block-heading\">PARABEN:<\/h3>\n\n\n\n<p>Kanser etkileri olan paraben \u00f6ncelikle ila\u00e7, kozmetik ve ki\u015fisel bak\u0131m \u00fcr\u00fcnleri sekt\u00f6r\u00fcnde koruyucu olarak yayg\u0131n bir \u015fekilde kullan\u0131lmakta olup \u015fampuan, nemlendirici, deodorant, di\u015f macunu, sabun ve \u00e7e\u015fitli kremler gibi kulland\u0131\u011f\u0131m\u0131z bir\u00e7ok \u00fcr\u00fcn\u00fcn i\u00e7eri\u011finde yer almaktad\u0131r.<\/p>\n\n\n\n<h3 class=\"wp-block-heading\">ALKOL:<\/h3>\n\n\n\n<p>Yumu\u015fatma ve nemlendirme etkileri ile bilinen alkol maddesi kozmetik \u00fcr\u00fcnlerinde s\u0131k\u00e7a tercih ediliyor. Nemlendiricilerde, maskara, cilt bak\u0131m \u00fcr\u00fcnleri ve dudak nemlendiricilerinde kar\u015f\u0131m\u0131za \u00e7\u0131kan bu \u00fcr\u00fcn g\u00f6zenekleri t\u0131kayarak zararl\u0131 madde birikimini art\u0131r\u0131yor. SLS &amp; SLES: Sa\u011fl\u0131\u011fa zararl\u0131 maddelerden biri olarak g\u00f6sterilen sodyum lauryl\u2019nin en bilinen etkilerinden biri ise cilt ve g\u00f6z iritasyonu. \u015eampuan, y\u00fcz temizleyici, du\u015f jeli, akne ilac\u0131 gibi k\u00f6p\u00fcren \u00fcr\u00fcnlerin b\u00fcy\u00fck \u00e7o\u011funlu\u011funda bulunan SLS, kimi zaman \u00f6zellikle cilt tipine g\u00f6re \u00e7e\u015fitli tahri\u015flere yol a\u00e7\u0131yor.<\/p>\n\n\n\n<h3 class=\"wp-block-heading\">BPA:<\/h3>\n\n\n\n<p>Bisfenol A\u2019n\u0131n k\u0131saltmas\u0131 olup, g\u00fcn\u00fcm\u00fczde \u00f6zellikle plastik, naylon, polyester ve PVC gibi maddelerin \u00fcretilmesinde etkin rol oynamaktad\u0131r. BPA\u2019n\u0131n en tehlikeli kullan\u0131m alanlar\u0131ndan birisi biberonlar ve al\u0131\u015ft\u0131rma bardaklar\u0131d\u0131r. \u00c7\u00fcnk\u00fc BPA temas etti\u011fi g\u0131daya ge\u00e7er ve bu ge\u00e7me i\u015fi s\u0131cakl\u0131k ile artar. E\u011fer bebe\u011finizin s\u00fct\u00fcn\u00fc biberonda \u0131s\u0131t\u0131yorsan\u0131z bu madde kolayl\u0131kla s\u00fcte ge\u00e7er.<\/p>\n\n\n\n<h3 class=\"wp-block-heading\">FORMALDEHIT:<\/h3>\n\n\n\n<p>Formaldehit zehirli bir kimyasald\u0131r. \u00d6zellikle gaz halinde solunmas\u0131 zehirlenmelere neden olabilir. Do\u011fal maddelerle \u00fcretilmeyen di\u015f macunlar\u0131nda ve g\u00fcnl\u00fck temizlik \u00fcr\u00fcnlerinde kullan\u0131lmaktad\u0131r.<\/p>\n\n\n\n<figure class=\"wp-block-image size-full\"><img loading=\"lazy\" decoding=\"async\" width=\"717\" height=\"454\" src=\"https:\/\/test1.xsights.co.uk\/wp-content\/uploads\/2023\/02\/image-12.png\" alt=\"\" class=\"wp-image-4629\" srcset=\"https:\/\/www.xsights.co.uk\/wp-content\/uploads\/2023\/02\/image-12.png 717w, https:\/\/www.xsights.co.uk\/wp-content\/uploads\/2023\/02\/image-12-300x190.png 300w\" sizes=\"(max-width: 717px) 100vw, 717px\" \/><\/figure>\n\n\n\n<p><em><strong>Ebeveynlerin \u201cParaben\u201d ve \u201cAlkol\u201d maddelerine kar\u015f\u0131 duyarl\u0131 davranmaktad\u0131rlar. Annelerin SLS ve SLES, BPA ve Formaldehit fark\u0131ndal\u0131klar\u0131 di\u011fer Paraben ve Alkole g\u00f6re daha d\u00fc\u015f\u00fckt\u00fcr.<\/strong><\/em><\/p>\n\n\n\n<p>Xsights Ara\u015ft\u0131rma ve Dan\u0131\u015fmanl\u0131k A.\u015e taraf\u0131ndan haz\u0131rlanan raporda ebeveynler, bebeklerinin sa\u011fl\u0131klar\u0131 a\u00e7\u0131s\u0131ndan cilt bak\u0131m \u00fcr\u00fcnleri i\u00e7erisinde bulunan maddelere dikkat etmektedir. Belirtilen maddeler i\u00e7erisinde (Paraben, BPA, SLS ve SLES, Formaldehit, Alkol) yard\u0131ml\u0131 bilinirli\u011fin, spontane bilinirlik oran\u0131ndan daha y\u00fcksek oldu\u011fu g\u00f6r\u00fclmektedir. \u00d6zellikle ebeveynlerin \u2018\u2019Paraben\u2019\u2019 (81%) ve \u2018\u2019Alkol\u2019\u2019 (69%) maddelerini tercih etmeme durumu di\u011fer maddelere (SLS ve SLES, BPA ve Formaldehit) oranla y\u00fcksektir. Bu da ebeveynlerin bu maddeler hakk\u0131nda daha bilin\u00e7li oldu\u011funu g\u00f6stermektedir. (\u015eekil B)<\/p>\n\n\n\n<figure class=\"wp-block-image size-full\"><img loading=\"lazy\" decoding=\"async\" width=\"208\" height=\"186\" src=\"https:\/\/test1.xsights.co.uk\/wp-content\/uploads\/2023\/02\/image-13.png\" alt=\"\" class=\"wp-image-4631\"\/><\/figure>\n\n\n\n<p>Bebek d\u0131\u015fk\u0131s\u0131ndaki proteaz ve lipazlar\u0131n deri i\u00e7in en \u00f6nemli tahri\u015f ediciler oldu\u011fu g\u00f6sterilmi\u015ftir. Bu enzimlere uzun s\u00fcre ve kapal\u0131 ortamlarda maruz kal\u0131nd\u0131\u011f\u0131nda, deride \u015fiddetli k\u0131zar\u0131kl\u0131k ve deri b\u00fct\u00fcnl\u00fc\u011f\u00fcnde bozulma tespit edilmi\u015ftir. Pi\u015fik, anne s\u00fct\u00fc ile beslenen \u00e7ocuklarda, haz\u0131r g\u0131da ya da inek s\u00fct\u00fcyle beslenenlerden daha az g\u00f6r\u00fcl\u00fcr. \u0130nek s\u00fct\u00fcyle beslenen \u00e7ocuklarda d\u0131\u015fk\u0131da \u00e7ok say\u0131da \u00fcreaz pozitif bakteri bulundu\u011fundan, pi\u015fik geli\u015fme riski artmaktad\u0131r. D\u0131\u015fk\u0131lama say\u0131s\u0131 y\u00fckseldik\u00e7e pi\u015fik g\u00f6r\u00fclme oran\u0131 da artmaktad\u0131r, bu nedenle ishal durumlar\u0131nda pi\u015fik daha s\u0131k olur. Bebe\u011fin antibiyotik kullanmas\u0131 ya da anne s\u00fct\u00fc ile beslenen bebeklerde annenin antibiyotik kullanmas\u0131 durumunda pi\u015fik daha s\u0131k g\u00f6r\u00fcl\u00fcr. Deri bak\u0131m\u0131 uygun \u015fekilde yap\u0131lmad\u0131\u011f\u0131nda, bebe\u011fin derisi pi\u015fik i\u00e7in uygun hale gelir. Bebe\u011fin alt\u0131n\u0131 s\u0131v\u0131 sabunlarla temizlemek, \u00e7ocuk bezini s\u0131k de\u011fi\u015ftirmemek, talk pudras\u0131 kullanmak gibi yanl\u0131\u015f uygulamalar sonucu pi\u015fik geli\u015fmesi ka\u00e7\u0131n\u0131lmazd\u0131r.<\/p>\n\n\n\n<p>Sonu\u00e7 olarak bak\u0131ld\u0131\u011f\u0131nda, markalar\u0131n cilt bak\u0131m \u00fcr\u00fcnleri i\u00e7erisinde bulunan SLS ve SLES, BPA ve Formaldehit maddeleri hakk\u0131nda yeti\u015fkinlere y\u00f6nelik daha \u00e7ok bilin\u00e7lendirme \u00e7al\u0131\u015fmalar\u0131 yap\u0131lmal\u0131d\u0131r.<\/p>\n\n\n\n<p>Kaynak: Parent Dergisi \/ Eyl\u00fcl 2018<\/p>\n","protected":false},"excerpt":{"rendered":"<p>G\u00fczelle\u015fmek ve bak\u0131m ama\u00e7l\u0131 kulland\u0131\u011f\u0131m\u0131z kozmetik \u00fcr\u00fcnlerin i\u00e7erisinde sa\u011fl\u0131m\u0131z\u0131 tehdit edecek \u00f6l\u00e7\u00fcde zararl\u0131 kimyasal i\u00e7erdi\u011fini biliyoruz. Peki ya bebeklerimiz i\u00e7in sat\u0131n ald\u0131\u011f\u0131m\u0131z ve kulland\u0131\u011f\u0131m\u0131z bebek bak\u0131m \u00fcr\u00fcnleri i\u00e7erisinde de bu maddelerin varl\u0131\u011f\u0131ndan haberdar m\u0131y\u0131z? Sat\u0131n al\u0131rken \u00fcr\u00fcnlerin i\u00e7indekiler etiketine bak\u0131yor muyuz? Bebekler yeti\u015fkinlere oranla daha ince bir cilde sahip. Derilerinin en d\u0131\u015f tabakas\u0131nda koruyuculu\u011fu sa\u011flayan [&hellip;]<\/p>\n","protected":false},"author":5,"featured_media":2696,"comment_status":"open","ping_status":"open","sticky":false,"template":"","format":"standard","meta":{"_acf_changed":false,"footnotes":""},"categories":[133],"tags":[],"class_list":["post-4620","post","type-post","status-publish","format-standard","has-post-thumbnail","hentry","category-one-cikanlar"],"acf":[],"_links":{"self":[{"href":"https:\/\/www.xsights.co.uk\/tr\/wp-json\/wp\/v2\/posts\/4620","targetHints":{"allow":["GET"]}}],"collection":[{"href":"https:\/\/www.xsights.co.uk\/tr\/wp-json\/wp\/v2\/posts"}],"about":[{"href":"https:\/\/www.xsights.co.uk\/tr\/wp-json\/wp\/v2\/types\/post"}],"author":[{"embeddable":true,"href":"https:\/\/www.xsights.co.uk\/tr\/wp-json\/wp\/v2\/users\/5"}],"replies":[{"embeddable":true,"href":"https:\/\/www.xsights.co.uk\/tr\/wp-json\/wp\/v2\/comments?post=4620"}],"version-history":[{"count":0,"href":"https:\/\/www.xsights.co.uk\/tr\/wp-json\/wp\/v2\/posts\/4620\/revisions"}],"wp:featuredmedia":[{"embeddable":true,"href":"https:\/\/www.xsights.co.uk\/tr\/wp-json\/wp\/v2\/media\/2696"}],"wp:attachment":[{"href":"https:\/\/www.xsights.co.uk\/tr\/wp-json\/wp\/v2\/media?parent=4620"}],"wp:term":[{"taxonomy":"category","embeddable":true,"href":"https:\/\/www.xsights.co.uk\/tr\/wp-json\/wp\/v2\/categories?post=4620"},{"taxonomy":"post_tag","embeddable":true,"href":"https:\/\/www.xsights.co.uk\/tr\/wp-json\/wp\/v2\/tags?post=4620"}],"curies":[{"name":"wp","href":"https:\/\/api.w.org\/{rel}","templated":true}]}}