{"id":7749,"date":"2023-04-05T13:47:01","date_gmt":"2023-04-05T10:47:01","guid":{"rendered":"https:\/\/www.xsights.co.uk\/?p=7749"},"modified":"2023-04-06T16:02:24","modified_gmt":"2023-04-06T13:02:24","slug":"depremin-etkileri-webinar","status":"publish","type":"post","link":"https:\/\/www.xsights.co.uk\/tr\/depremin-etkileri-webinar\/","title":{"rendered":"Deprem bizi nas\u0131l etkiledi? Webinar"},"content":{"rendered":"\n<p><strong>6 Nisan 2023 Per\u015fembe 20:00<\/strong><\/p>\n\n\n\n<p>Kurucumuz \u00c7i\u011fdem Penn, Kagider Ba\u015fkan\u0131 Emine Erdem ve birbirinden de\u011ferli akademisyenler<br>ile G\u00fcnseli \u00d6zen\u2019in moderat\u00f6rl\u00fc\u011f\u00fcnde; deprem ile ilgili yapt\u0131\u011f\u0131m\u0131z ara\u015ft\u0131rma sonu\u00e7lar\u0131n\u0131 ve<br>depremin ekonomik, psikolojik ve sosyolojik etkilerini de\u011ferlendirece\u011fimiz webinar\u2019a<br>davetlisiniz.<br>Webinar\u2019a buradan kay\u0131t olabilir, konu\u015fmac\u0131lar\u0131m\u0131z hakk\u0131nda detayl\u0131 bilgileri, webinarda ele<br>alacaklar\u0131 konu ba\u015fl\u0131klar\u0131 ile birlikte a\u015fa\u011f\u0131da bulabilirsiniz.<br>Bu webinar\u2019\u0131 d\u00fczenlemekteki ana ama\u00e7lar\u0131m\u0131zdan biri depremden etkilenen \u00fcniversite<br>\u00f6\u011frencileri burs deste\u011fi sa\u011flamak. Bu sebeple siz kat\u0131l\u0131mc\u0131lar\u0131m\u0131zdan \u201cAsk\u0131da Ne Var<br>Derne\u011fi\u201dne ba\u011f\u0131\u015f yapman\u0131z\u0131 rica ederiz.<\/p>\n\n\n\n<p><strong>Ask\u0131da Ne Var Derne\u011fi Banka Bilgileri:<\/strong><br><strong>IBAN:<\/strong> TR650004600768888000110144 <em>(Akbank)<\/em><br><strong>A\u00e7\u0131klama:<\/strong> Webinar<\/p>\n\n\n\n<h2 class=\"wp-block-heading\">Konu\u015fmac\u0131lar:<\/h2>\n\n\n\n<div class=\"wp-block-columns is-layout-flex wp-container-core-columns-is-layout-28f84493 wp-block-columns-is-layout-flex\">\n<div class=\"wp-block-column is-layout-flow wp-block-column-is-layout-flow\" style=\"flex-basis:33.33%\">\n<figure class=\"wp-block-image size-full is-resized is-style-rounded\"><img decoding=\"async\" src=\"https:\/\/www.xsights.co.uk\/wp-content\/uploads\/2023\/04\/resim.png\" alt=\"\" class=\"wp-image-7756\" width=\"169\" height=\"169\" srcset=\"https:\/\/www.xsights.co.uk\/wp-content\/uploads\/2023\/04\/resim.png 225w, https:\/\/www.xsights.co.uk\/wp-content\/uploads\/2023\/04\/resim-150x150.png 150w\" sizes=\"(max-width: 169px) 100vw, 169px\" \/><\/figure>\n<\/div>\n\n\n\n<div class=\"wp-block-column is-vertically-aligned-center is-layout-flow wp-block-column-is-layout-flow\" style=\"flex-basis:100%\">\n<p><strong>Moderat\u00f6r:<\/strong> G\u00fcnseli \u00d6zen<\/p>\n\n\n\n<p>Marketing T\u00fcrkiye Kurucu<\/p>\n<\/div>\n<\/div>\n\n\n\n<p>Lisans e\u011fitimini \u0130stanbul \u00dcniversitesi \u0130leti\u015fim Fak\u00fcltesi Gazetecilik ve Halkla<br>\u0130li\u015fkiler Enstit\u00fcs\u00fc\u2019nde tamamlayan G\u00fcnseli \u00d6zen, y\u00fcksek lisans\u0131n\u0131 da ayn\u0131 \u00fcniversitede \u201c\u0130\u015fletme<br>\u0130ktisad\u0131nda Y\u00f6netim\u201d alan\u0131nda tamamlam\u0131\u015ft\u0131r.<br>1990 y\u0131l\u0131nda ROTA Yay\u0131nevini kurmu\u015f, 100\u2019lerce i\u015f kitab\u0131 ve 100\u2019den fazla dergi yay\u0131nlam\u0131\u015ft\u0131r.<br>2002\u2019den bu yana T\u00fcrkiye\u2019nin en yetkin pazarlama ve ileti\u015fim dergilerinden olan Marketing<br>T\u00fcrkiye\u2019nin genel yay\u0131n y\u00f6netmenli\u011fini y\u00fcr\u00fctmektedir. 13 y\u0131ld\u0131r Anadolu\u2019nun \u00e7e\u015fitli kentlerinde<br>yay\u0131nc\u0131l\u0131\u011f\u0131n bir di\u011fer kald\u0131rac\u0131 olan \u00f6zg\u00fcn konferanslar da d\u00fczenlemektedir.<br>17 y\u0131ld\u0131r Avrupa\u2019n\u0131n \u00f6nde gelen yar\u0131\u015fmalar\u0131ndan Golden Drum ve EPICA\u2019n\u0131n temsilcili\u011fini de<br>s\u00fcrd\u00fcren \u00d6zen, TOBB Kad\u0131n Giri\u015fimciler \u00dcst Kurulda \u0130crada, Ankara \u00dcniversitesi Dan\u0131\u015fma<br>Kurulu\u2019nda ve Turgut \u00d6zal \u00dcniversitesi Kurucular Kurulunda yer almaktad\u0131r.<\/p>\n\n\n\n<div class=\"wp-block-columns is-layout-flex wp-container-core-columns-is-layout-28f84493 wp-block-columns-is-layout-flex\">\n<div class=\"wp-block-column is-layout-flow wp-block-column-is-layout-flow\" style=\"flex-basis:33.33%\">\n<figure class=\"wp-block-image size-full is-resized is-style-rounded\"><img decoding=\"async\" src=\"https:\/\/www.xsights.co.uk\/wp-content\/uploads\/2023\/04\/resim-1.png\" alt=\"\" class=\"wp-image-7758\" height=\"170\"\/><\/figure>\n<\/div>\n\n\n\n<div class=\"wp-block-column is-vertically-aligned-center is-layout-flow wp-block-column-is-layout-flow\" style=\"flex-basis:100%\">\n<p>Prof. Dr. Veysel BOZKURT \u2013 \u0130stanbul \u00dcniversitesi<br><strong>\u201cDeprem Sonras\u0131 Toplumun Ruh Hali\u201d<\/strong><\/p>\n<\/div>\n<\/div>\n\n\n\n<p>Lisans e\u011fitimini 1984 y\u0131l\u0131nda Uluda\u011f \u00dcniversitesi, \u0130ktisadi ve \u0130dari Bilimler Fak\u00fcltesi<br>Kamu Y\u00f6netimi B\u00f6l\u00fcm\u00fcnde, doktora program\u0131n\u0131 1986 y\u0131l\u0131nda Uluda\u011f \u00dcniversitesi, Sosyal<br>Bilimler Enstit\u00fcs\u00fc \u00c7al\u0131\u015fma Ekonomisi ve End\u00fcstri \u0130li\u015fkileri anabilim dal\u0131nda tamamlayan Bozkurt<br>ayn\u0131 fak\u00fcltenin Y\u00f6netim ve \u00c7al\u0131\u015fma Sosyolojisi alan\u0131nda 1994 y\u0131l\u0131nda do\u00e7ent, 2000 y\u0131l\u0131nda da<br>profes\u00f6r unvan\u0131n\u0131 alm\u0131\u015ft\u0131r.<br>Yurti\u00e7i ve yurtd\u0131\u015f\u0131 pek \u00e7ok projede g\u00f6rev alan Prof. Dr. Veysel Bozkurt, 2010 y\u0131l\u0131ndan bu yana<br>\u0130stanbul \u00dcniversitesi \u0130ktisat Fak\u00fcltesi, \u0130ktisat Sosyolojisi anabilim dal\u0131nda meslek hayat\u0131na<br>devam etmektedir. Uluda\u011f \u00dcniversitesinde b\u00f6l\u00fcm ba\u015fkanl\u0131\u011f\u0131 ve anabilim dal\u0131 ba\u015fkanl\u0131\u011f\u0131,<br>\u0130stanbul \u00dcniversitesinde Yay\u0131nlar Koordinat\u00f6rl\u00fc\u011f\u00fc g\u00f6revlerini y\u00fcr\u00fcten Bozkurt, 8 Haziran 2020<br>tarihinde Sa\u011fl\u0131k Bakanl\u0131\u011f\u0131 taraf\u0131ndan olu\u015fturulan \u201cKoronavir\u00fcs Toplum Bilimleri Kurulu\u201d \u00fcyesi<br>olarak se\u00e7ilmi\u015ftir.<\/p>\n\n\n\n<div class=\"wp-block-columns is-layout-flex wp-container-core-columns-is-layout-28f84493 wp-block-columns-is-layout-flex\">\n<div class=\"wp-block-column is-layout-flow wp-block-column-is-layout-flow\" style=\"flex-basis:33.33%\">\n<figure class=\"wp-block-image size-full is-resized is-style-rounded\"><img decoding=\"async\" src=\"https:\/\/www.xsights.co.uk\/wp-content\/uploads\/2023\/04\/resim-3.png\" alt=\"\" class=\"wp-image-7762\" height=\"170\"\/><\/figure>\n<\/div>\n\n\n\n<div class=\"wp-block-column is-vertically-aligned-center is-layout-flow wp-block-column-is-layout-flow\" style=\"flex-basis:100%\">\n<p>Prof. Dr. Kezban \u00c7elik \u2013 TED \u00dcniversitesi<br><strong>\u201cDeprem Sonras\u0131 Yer De\u011fi\u015ftirme ve N\u00fcfus Hareketleri\u201d<\/strong><\/p>\n<\/div>\n<\/div>\n\n\n\n<p>Lisans e\u011fitimini Hacettepe \u00dcniversitesi\u2019nde 1992 y\u0131l\u0131nda tamamlayan \u00c7elik,<br>y\u00fcksek lisans e\u011fitimini 2001 y\u0131l\u0131nda ODT\u00dc Sosyoloji b\u00f6l\u00fcm\u00fcnde tamamlam\u0131\u015f ve 2006 y\u0131l\u0131nda<br>ayn\u0131 b\u00f6l\u00fcmde doktor unvan\u0131n\u0131 almaya hak kazanm\u0131\u015ft\u0131r. Doktora sonras\u0131 e\u011fitimini 2011-2012<br>y\u0131llar\u0131nda Michigan \u00dcniversitesi\u2019nde devam eden \u00c7elik, akademik hayat\u0131na TED \u00dcniversitesi<br>Sosyoloji b\u00f6l\u00fcm\u00fcnde devam etmektedir.<br>Toplumsal cinsiyet e\u015fitsizlikleri, toplumsal s\u0131n\u0131f\/stat\u00fc ve toplumsal hareketlili\u011fin \u00f6l\u00e7\u00fclmesi, g\u00f6\u00e7<br>(i\u00e7 g\u00f6\u00e7, geri g\u00f6\u00e7, d\u00fczensiz g\u00f6\u00e7, g\u00f6\u00e7men eme\u011fi, g\u00f6\u00e7men gen\u00e7 k\u0131zlar ve kad\u0131nlar) konular\u0131nda<br>pek \u00e7ok \u00e7al\u0131\u015fmada g\u00f6rev alan \u00c7elik ayn\u0131 zamanda farkl\u0131 gen\u00e7lik gruplar\u0131, i\u015f piyasas\u0131na kat\u0131l\u0131m<br>bi\u00e7imleri ve \u00f6zellikle kay\u0131ts\u0131z sekt\u00f6rde \u00e7al\u0131\u015fma konular\u0131nda sosyolojik \u00e7al\u0131\u015fmalar\u0131n\u0131 y\u00fcr\u00fctmeye<br>devam etmektedir.<\/p>\n\n\n\n<div class=\"wp-block-columns is-layout-flex wp-container-core-columns-is-layout-28f84493 wp-block-columns-is-layout-flex\">\n<div class=\"wp-block-column is-layout-flow wp-block-column-is-layout-flow\" style=\"flex-basis:33.33%\">\n<figure class=\"wp-block-image size-full is-resized is-style-rounded\"><img decoding=\"async\" src=\"https:\/\/www.xsights.co.uk\/wp-content\/uploads\/2023\/04\/resim-4.png\" alt=\"\" class=\"wp-image-7764\" height=\"170\"\/><\/figure>\n<\/div>\n\n\n\n<div class=\"wp-block-column is-vertically-aligned-center is-layout-flow wp-block-column-is-layout-flow\" style=\"flex-basis:100%\">\n<p>Emine Erdem- KAG\u0130DER Ba\u015fkan\u0131 ve SEDEFED Ba\u015fkan\u0131<br><strong>\u201cKad\u0131n\u0131n G\u00fcc\u00fc ve Kad\u0131n Perspektifinden Deprem\u201d<\/strong><\/p>\n<\/div>\n<\/div>\n\n\n\n<p>Notre Dame de Sion Frans\u0131z K\u0131z Lisesi ve \u0130stanbul \u00dcniversitesi Hukuk Fak\u00fcltesini<br>bitiren Erdem lisans e\u011fitiminin ard\u0131ndan \u201c\u00c7ok Uluslu \u015eirketlerin Y\u00f6netim Yap\u0131s\u0131\u201d \u00fczerine \u0130\u015fletme<br>y\u00fcksek lisans\u0131n\u0131 tamamlam\u0131\u015ft\u0131r.<br>1985\u2019ten beri kariyerine Erdem Holding Y\u00f6netim Kurulu \u00dcyesi ve Hukuk Dan\u0131\u015fman\u0131 olarak<br>devam eden Erdem, 1990-2017 y\u0131llar\u0131 aras\u0131nda THY\u2019de M\u00fc\u015favir Avukat olarak \u00e7al\u0131\u015fm\u0131\u015ft\u0131r.<br>2008-2017 y\u0131llar\u0131 aras\u0131nda T\u00fcrkiye Soroptimist Kul\u00fcpleri Federasyonunda Ba\u015fkanl\u0131k dahil pek<br>\u00e7ok g\u00f6rev alm\u0131\u015ft\u0131r. Sekt\u00f6rel Dernekler Federasyonu (SEDEFED) Ba\u015fkan Yard\u0131mc\u0131s\u0131 ve<br>UNESCO K\u00fcresel Etik ve S\u00fcrd\u00fcr\u00fclebilir Kalk\u0131nma \u0130stanbul Merkezi kurucular\u0131ndan olan Erdem,<br>Kad\u0131n Adaylar\u0131 Destekleme Derne\u011fi Dan\u0131\u015fma Kurulu, Uluslararas\u0131 \u00dcniversiteli Kad\u0131nlar<br>Federasyonu, T\u00fcrk Hukuk\u00e7u Kad\u0131nlar Derne\u011fi \u00fcyeliklerinin yan\u0131 s\u0131ra \u0130stanbul Kad\u0131n Kurulu\u015flar\u0131<br>Birli\u011fi Koordinat\u00f6r Yard\u0131mc\u0131l\u0131\u011f\u0131 da yapm\u0131\u015ft\u0131r.<br>UNESCO T\u00fcrkiye Mill\u00ee Komisyonu Toplumsal Cinsiyet E\u015fitli\u011fi \u0130htisas Komitesi \u00dcyesi olan<br>Erdem, Temmuz 2019\u2019den itibaren KAG\u0130DER Genel Ba\u015fkanl\u0131\u011f\u0131 g\u00f6revini s\u00fcrd\u00fcrmektedir.<\/p>\n\n\n\n<div class=\"wp-block-columns is-layout-flex wp-container-core-columns-is-layout-28f84493 wp-block-columns-is-layout-flex\">\n<div class=\"wp-block-column is-layout-flow wp-block-column-is-layout-flow\" style=\"flex-basis:33.33%\">\n<figure class=\"wp-block-image size-full is-resized is-style-rounded\"><img decoding=\"async\" src=\"https:\/\/www.xsights.co.uk\/wp-content\/uploads\/2023\/04\/resim-5.png\" alt=\"\" class=\"wp-image-7766\" height=\"170\"\/><\/figure>\n<\/div>\n\n\n\n<div class=\"wp-block-column is-vertically-aligned-center is-layout-flow wp-block-column-is-layout-flow\" style=\"flex-basis:100%\">\n<p>Prof. Dr. Emre Konuk- DBE Kurucu, Psikolog<br><strong>\u201cDeprem B\u00f6lgesinde Y\u00fcr\u00fct\u00fclen Psikolojik Destek \u00c7al\u0131\u015fmas\u0131\u201d<\/strong><\/p>\n<\/div>\n<\/div>\n\n\n\n<p>\u0130stanbul \u00dcniversitesi Psikoloji B\u00f6l\u00fcm\u00fc mezunu olan Konuk, Klinik Psikoloji Y\u00fcksek<br>Lisans\u0131n\u0131 Bo\u011fazi\u00e7i \u00dcniversitesi Psikoloji B\u00f6l\u00fcm\u00fcnde yapm\u0131\u015ft\u0131r. Aile Terapisi e\u011fitimini ise Mental<br>Research Institute, Palo Alto-Kaliforniya\u2019da alm\u0131\u015ft\u0131r.<br>1985\u2019te T\u00fcrkiye\u2019de psikoterapi mesle\u011finin kurulmas\u0131n\u0131 sa\u011flamak ve ki\u015filere, ailelere ve<br>organizasyonlara psikolojik ve kurumsal hizmetler vermek amac\u0131yla DBE-Davran\u0131\u015f Bilimleri<br>Enstit\u00fcs\u00fc\u2019n\u00fc kurmu\u015ftur. 1993-2003 y\u0131llar\u0131nda T\u00fcrk Psikologlar Derne\u011fi \u0130stanbul Y\u00f6netim Kurulu<br>\u00fcyeli\u011fini, 1998-2000 y\u0131llar\u0131nda Ba\u015fkanl\u0131\u011f\u0131n\u0131 ve 1999-2002 y\u0131llar\u0131nda da Projeler Koordinat\u00f6rl\u00fc\u011f\u00fc<br>g\u00f6revlerini y\u00fcr\u00fctm\u00fc\u015ft\u00fcr.<br>DBE-Davran\u0131\u015f Bilimleri Enstit\u00fcs\u00fc ve T\u00fcrk Psikologlar Derne\u011fi \u0130stanbul \u015eubesi Ba\u015fkan\u0131 olarak,<br>pek \u00e7ok afet ve felakette ekibiyle aktif olarak g\u00f6rev yapm\u0131\u015ft\u0131r. Humanitarian Assistance<br>Programs (HAP) b\u00fcnyesinde halen Tayland, Filistin, Kenya ve L\u00fcbnan\u2019da terapistlerin e\u011fitimini<br>ve \u201cTravmaya M\u00fcdahale\u201d organizasyonlar\u0131n\u0131 y\u00fcr\u00fctmektedir.<\/p>\n\n\n\n<div class=\"wp-block-columns is-layout-flex wp-container-core-columns-is-layout-28f84493 wp-block-columns-is-layout-flex\">\n<div class=\"wp-block-column is-layout-flow wp-block-column-is-layout-flow\" style=\"flex-basis:33.33%\">\n<figure class=\"wp-block-image size-full is-resized is-style-rounded\"><img decoding=\"async\" src=\"https:\/\/www.xsights.co.uk\/wp-content\/uploads\/2023\/04\/resim-6.png\" alt=\"\" class=\"wp-image-7768\" height=\"170\" srcset=\"https:\/\/www.xsights.co.uk\/wp-content\/uploads\/2023\/04\/resim-6.png 359w, https:\/\/www.xsights.co.uk\/wp-content\/uploads\/2023\/04\/resim-6-300x212.png 300w\" sizes=\"(max-width: 359px) 100vw, 359px\" \/><\/figure>\n<\/div>\n\n\n\n<div class=\"wp-block-column is-vertically-aligned-center is-layout-flow wp-block-column-is-layout-flow\" style=\"flex-basis:100%\">\n<p>Prof. Dr. Nil\u00fcfer Narl\u0131 \u2013 Bah\u00e7e\u015fehir \u00dcniversitesi<br><strong>\u201cDepremin Sosyolojik Perspektiften De\u011ferlendirmesi\u201d<\/strong><\/p>\n<\/div>\n<\/div>\n\n\n\n<p>Lisans e\u011fitimini 1979 senesinde ODT\u00dc Fen Edebiyat Fak\u00fcltesi E\u011fitim B\u00f6l\u00fcm\u00fc\u2019nde ana dal\u0131 felsefe, yan dal\u0131 ise sosyoloji olarak bitiren Narl\u0131, y\u00fcksek lisans e\u011fitimini ise 1982 y\u0131l\u0131nda ODT\u00dc\u2019de \u0130nsan Bilimleri B\u00f6l\u00fcm\u00fc\u2019nde tamamlam\u0131\u015ft\u0131r. Bu b\u00f6l\u00fcmde bir s\u00fcre asistanl\u0131k yapm\u0131\u015f ve ard\u0131ndan 1983 y\u0131l\u0131nda Malezya\u2019ya giderek burada Doktora e\u011fitimini tamamlam\u0131\u015ft\u0131r.<\/p>\n\n\n\n<p>Prof. Dr. Nil\u00fcfer Narl\u0131, 1995 y\u0131l\u0131nda Do\u00e7ent, 2001 y\u0131l\u0131nda ise Profes\u00f6r unvan\u0131n\u0131 alm\u0131\u015ft\u0131r. Marmara \u00dcniversitesi Sosyoloji B\u00f6l\u00fcm\u00fc\u2019n\u00fc kuran Narl\u0131 uzun y\u0131llar bu b\u00f6l\u00fcm\u00fcn ba\u015fkanl\u0131\u011f\u0131n\u0131 yapm\u0131\u015ft\u0131r. Ard\u0131ndan Kadir Has \u00dcniversitesi \u0130leti\u015fim Fak\u00fcltesi Dekan\u0131 olarak \u00e7al\u0131\u015fmaya ba\u015flam\u0131\u015ft\u0131r. \u00c7e\u015fitli \u00fcniversitelerde farkl\u0131 g\u00f6rev ve sorumluluklar alan Narl\u0131, 2005 y\u0131l\u0131ndan beri Bah\u00e7e\u015fehir \u00dcniversitesi Fen Edebiyat Fak\u00fcltesi Sosyoloji B\u00f6l\u00fcm\u00fc\u2019nde \u00e7al\u0131\u015fmaktad\u0131r.&nbsp;<\/p>\n\n\n\n<div class=\"wp-block-columns is-layout-flex wp-container-core-columns-is-layout-28f84493 wp-block-columns-is-layout-flex\">\n<div class=\"wp-block-column is-layout-flow wp-block-column-is-layout-flow\" style=\"flex-basis:33.33%\">\n<figure class=\"wp-block-image size-full is-resized is-style-rounded\"><img decoding=\"async\" src=\"https:\/\/www.xsights.co.uk\/wp-content\/uploads\/2023\/04\/resim-10.png\" alt=\"\" class=\"wp-image-7776\" height=\"170\"\/><\/figure>\n<\/div>\n\n\n\n<div class=\"wp-block-column is-vertically-aligned-center is-layout-flow wp-block-column-is-layout-flow\" style=\"flex-basis:100%\">\n<p>Prof. Dr. Ay\u015feg\u00fcl \u00d6zsomer \u2013 Ko\u00e7 \u00dcniversitesi<br><strong>\u201cDepremde De\u011fi\u015fen T\u00fcketim, Markalardan ve \u0130\u015f d\u00fcnyas\u0131ndan Beklentiler\u201d<\/strong><\/p>\n<\/div>\n<\/div>\n\n\n\n<p>Pazarlama ve \u0130\u015fletme alanlar\u0131nda profes\u00f6r olan \u00d6zsomer 1986 y\u0131l\u0131nda Bo\u011fazi\u00e7i \u00dcniversitesi \u0130\u015fletme  b\u00f6l\u00fcm\u00fcn\u00fc bitirdikten sonra yine Bo\u011fazi\u00e7i \u00dcniversitesi\u2019nde MBA yapm\u0131\u015ft\u0131r. Doktoras\u0131n\u0131 Michigan \u00dcniversitesi\u2019nde tamamlayan \u00d6zsomer, Seattle \u00dcniversitesi\u2019nde 1993-1997 y\u0131llar\u0131 aras\u0131nda akademisyen olarak \u00e7al\u0131\u015fm\u0131\u015f ve ard\u0131ndan Bo\u011fazi\u00e7i \u00dcniversitesi\u2019nde dersler vermi\u015ftir. Sonras\u0131nda Ko\u00e7 \u00dcniversitesi\u2019nde \u00e7al\u0131\u015fmaya ba\u015flayan \u00d6zsomer hala bu \u00fcniversitede g\u00f6rev yapmaktad\u0131r.&nbsp;<\/p>\n\n\n\n<p>Stratejik pazarlama, global pazarlama, marka ve pazara giri\u015f alanlar\u0131nda uzmanla\u015fan ve dersler veren \u00d6zsomer ayn\u0131 zamanda i\u015f, ekonomi, pazarlama, i\u015fletme, finans ve muhasebe kategorilerinde eserler yazm\u0131\u015ft\u0131r.&nbsp;<\/p>\n\n\n\n<div class=\"wp-block-columns is-layout-flex wp-container-core-columns-is-layout-28f84493 wp-block-columns-is-layout-flex\">\n<div class=\"wp-block-column is-layout-flow wp-block-column-is-layout-flow\" style=\"flex-basis:33.33%\">\n<figure class=\"wp-block-image size-full is-style-rounded\"><img fetchpriority=\"high\" decoding=\"async\" width=\"651\" height=\"368\" src=\"https:\/\/www.xsights.co.uk\/wp-content\/uploads\/2023\/04\/resim-11.png\" alt=\"\" class=\"wp-image-7778\" srcset=\"https:\/\/www.xsights.co.uk\/wp-content\/uploads\/2023\/04\/resim-11.png 651w, https:\/\/www.xsights.co.uk\/wp-content\/uploads\/2023\/04\/resim-11-300x170.png 300w\" sizes=\"(max-width: 651px) 100vw, 651px\" \/><\/figure>\n<\/div>\n\n\n\n<div class=\"wp-block-column is-vertically-aligned-center is-layout-flow wp-block-column-is-layout-flow\" style=\"flex-basis:100%\">\n<p>\u00c7i\u011fdem Penn- XSIGHTS Research Kurucu&nbsp;<\/p>\n\n\n\n<p><strong>\u201cDeprem ve Sonras\u0131\u201d<\/strong><\/p>\n<\/div>\n<\/div>\n\n\n\n<p>1999\u2019da Bo\u011fazi\u00e7i \u00dcniversitesi Psikoloji b\u00f6l\u00fcm\u00fcnden mezun olan Penn, e\u011fitimine London School of Economics\u2019te Sosyal ve Organizasyonel Psikoloji e\u011fitimiyle devam etmi\u015ftir. Y\u00fcksek Lisans e\u011fitimini ise De\u011fi\u015fim Y\u00f6netimi alan\u0131nda tamamlam\u0131\u015ft\u0131r.&nbsp;<\/p>\n\n\n\n<p>Profesyonel hayata \u0130ngiltere\u2019de giri\u015f yapan Penn, kariyerine y\u00f6netim dan\u0131\u015fmanl\u0131\u011f\u0131 ile ba\u015flam\u0131\u015ft\u0131r. \u0130ki b\u00fcy\u00fck uluslararas\u0131 ara\u015ft\u0131rma \u015firketinde \u00e7al\u0131\u015ft\u0131ktan sonra, 2004 y\u0131l\u0131nda Londra\u2019 da XSIGHTS\u2019\u0131 kurmu\u015ftur. 10 y\u0131la yak\u0131n yurtd\u0131\u015f\u0131nda \u00e7al\u0131\u015fan Penn; Avrupa, Orta Do\u011fu, Orta ve G\u00fcney Asya ba\u015fta olmak \u00fczere, farkl\u0131 co\u011frafyalarda hizmet verdikten sonra 2010 y\u0131l\u0131nda XSIGHTS T\u00fcrkiye ofisini a\u00e7m\u0131\u015ft\u0131r.&nbsp;<\/p>\n\n\n\n<p>20 y\u0131la yakla\u015fan ara\u015ft\u0131rma deneyimi ve farkl\u0131 sekt\u00f6rlerdeki dan\u0131\u015fmanl\u0131k tecr\u00fcbelerini, XSIGHTS Ara\u015ft\u0131rma ve Dan\u0131\u015fmanl\u0131k \u00e7at\u0131s\u0131nda sunmakta olan Penn 2020 y\u0131l\u0131nda, ESOMAR Vakf\u0131\u2019n\u0131n verdi\u011fi \u2018Fark Yaratanlar \u00d6d\u00fcl\u00fc\u2019 ne lay\u0131k g\u00f6r\u00fclerek \u00fclkemize uluslararas\u0131 alanda al\u0131nan ilk pazar ara\u015ft\u0131rmas\u0131 \u00f6d\u00fcl\u00fcn\u00fc getirmi\u015ftir. Ayn\u0131 zamanda 2011- 2017 y\u0131llar\u0131 aras\u0131nda \u00fc\u00e7 d\u00f6nem DE\u0130K Nepal \u2013 T\u00fcrkiye \u0130\u015f Konseyi Ba\u015fkanl\u0131\u011f\u0131 yapan Penn, uzun y\u0131llard\u0131r Kad\u0131n ve istihdam konular\u0131nda Binyaprak ve TurkishWIN \u00e7emberlerinde kad\u0131n haklar\u0131 ve kad\u0131n istihdam\u0131 hakk\u0131nda \u00e7al\u0131\u015fmalar y\u00fcr\u00fctmektedir.&nbsp;&nbsp;<\/p>\n\n\n\n<div class=\"wp-block-columns is-layout-flex wp-container-core-columns-is-layout-28f84493 wp-block-columns-is-layout-flex\">\n<div class=\"wp-block-column is-layout-flow wp-block-column-is-layout-flow\" style=\"flex-basis:33.33%\">\n<figure class=\"wp-block-image size-full is-resized is-style-rounded\"><img decoding=\"async\" src=\"https:\/\/www.xsights.co.uk\/wp-content\/uploads\/2023\/04\/resim-12.png\" alt=\"\" class=\"wp-image-7780\" height=\"170\"\/><\/figure>\n<\/div>\n\n\n\n<div class=\"wp-block-column is-vertically-aligned-center is-layout-flow wp-block-column-is-layout-flow\" style=\"flex-basis:100%\">\n<p>Do\u00e7. Dr. \u015eevket Say\u0131lgan \u2013 Marmara \u00dcniversitesi \/ Ekonomist<br><strong>\u201cDepremin Ekonomisi\u201d<\/strong><\/p>\n<\/div>\n<\/div>\n\n\n\n<p>Say\u0131lgan, Marmara \u00dcniversitesi \u0130ktisat Fak\u00fcltesi lisans\u0131n\u0131 bitirmesinin ard\u0131ndan ayn\u0131 \u00fcniversitenin \u0130ktisat Ana Bilim Dal\u0131nda Y\u00fcksek Lisans ve Doktora programlar\u0131n\u0131 tamamlam\u0131\u015ft\u0131r. Profesyonel hayat\u0131na 1990 y\u0131l\u0131nda IBAR (International Banking Advisory and Research Group)\u2019da Analist olarak ba\u015flayan Say\u0131lgan 1998-1999 y\u0131llar\u0131 aras\u0131nda Garanti Bankas\u0131\u2019nda Kurumsal Finansman Uzman\u0131, 1999 y\u0131l\u0131nda Toprakbank Menkul De\u011ferler\u2019de Ba\u015f Ekonomist, 1999-2004 y\u0131llar\u0131 aras\u0131nda Pamukbank Ekonomik Ara\u015ft\u0131rmalar ve Sekt\u00f6rel Tahminler Servisinde Y\u00f6netici olarak \u00e7al\u0131\u015fm\u0131\u015ft\u0131r.&nbsp;<\/p>\n\n\n\n<p>1988-1995 y\u0131llar\u0131 aras\u0131nda Marmara \u00dcniversitesi \u0130leti\u015fim Fak\u00fcltesi Bas\u0131n Ekonomisi ve \u0130\u015fletmecili\u011fi Anabilim Dal\u0131nda Ara\u015ft\u0131rma G\u00f6revlisi olarak g\u00f6rev yapan Say\u0131lgan; 2004 y\u0131l\u0131ndan beri ayn\u0131 b\u00f6l\u00fcmde \u00d6\u011fretim \u00dcyesi olarak \u00e7al\u0131\u015fmaktad\u0131r.&nbsp;<\/p>\n","protected":false},"excerpt":{"rendered":"<p>6 Nisan 2023 Per\u015fembe 20:00 Kurucumuz \u00c7i\u011fdem Penn, Kagider Ba\u015fkan\u0131 Emine Erdem ve birbirinden de\u011ferli akademisyenlerile G\u00fcnseli \u00d6zen\u2019in moderat\u00f6rl\u00fc\u011f\u00fcnde; deprem ile ilgili yapt\u0131\u011f\u0131m\u0131z ara\u015ft\u0131rma sonu\u00e7lar\u0131n\u0131 vedepremin ekonomik, psikolojik ve sosyolojik etkilerini de\u011ferlendirece\u011fimiz webinar\u2019adavetlisiniz.Webinar\u2019a buradan kay\u0131t olabilir, konu\u015fmac\u0131lar\u0131m\u0131z hakk\u0131nda detayl\u0131 bilgileri, webinarda elealacaklar\u0131 konu ba\u015fl\u0131klar\u0131 ile birlikte a\u015fa\u011f\u0131da bulabilirsiniz.Bu webinar\u2019\u0131 d\u00fczenlemekteki ana ama\u00e7lar\u0131m\u0131zdan biri depremden etkilenen [&hellip;]<\/p>\n","protected":false},"author":4,"featured_media":7801,"comment_status":"open","ping_status":"open","sticky":false,"template":"","format":"standard","meta":{"_acf_changed":false,"footnotes":""},"categories":[161],"tags":[],"class_list":["post-7749","post","type-post","status-publish","format-standard","has-post-thumbnail","hentry","category-webinar"],"acf":[],"_links":{"self":[{"href":"https:\/\/www.xsights.co.uk\/tr\/wp-json\/wp\/v2\/posts\/7749","targetHints":{"allow":["GET"]}}],"collection":[{"href":"https:\/\/www.xsights.co.uk\/tr\/wp-json\/wp\/v2\/posts"}],"about":[{"href":"https:\/\/www.xsights.co.uk\/tr\/wp-json\/wp\/v2\/types\/post"}],"author":[{"embeddable":true,"href":"https:\/\/www.xsights.co.uk\/tr\/wp-json\/wp\/v2\/users\/4"}],"replies":[{"embeddable":true,"href":"https:\/\/www.xsights.co.uk\/tr\/wp-json\/wp\/v2\/comments?post=7749"}],"version-history":[{"count":0,"href":"https:\/\/www.xsights.co.uk\/tr\/wp-json\/wp\/v2\/posts\/7749\/revisions"}],"wp:featuredmedia":[{"embeddable":true,"href":"https:\/\/www.xsights.co.uk\/tr\/wp-json\/wp\/v2\/media\/7801"}],"wp:attachment":[{"href":"https:\/\/www.xsights.co.uk\/tr\/wp-json\/wp\/v2\/media?parent=7749"}],"wp:term":[{"taxonomy":"category","embeddable":true,"href":"https:\/\/www.xsights.co.uk\/tr\/wp-json\/wp\/v2\/categories?post=7749"},{"taxonomy":"post_tag","embeddable":true,"href":"https:\/\/www.xsights.co.uk\/tr\/wp-json\/wp\/v2\/tags?post=7749"}],"curies":[{"name":"wp","href":"https:\/\/api.w.org\/{rel}","templated":true}]}}